{"id":41433,"date":"2015-07-25T11:16:36","date_gmt":"2015-07-25T08:16:36","guid":{"rendered":"http:\/\/www.sana.sy\/tr\/?p=41433"},"modified":"2015-07-26T09:53:55","modified_gmt":"2015-07-26T06:53:55","slug":"askeri-firarilere-af-karari-onaylandi","status":"publish","type":"post","link":"https:\/\/archive.sana.sy\/tr\/?p=41433","title":{"rendered":"Askeri Firarilere Af Karar\u0131 Onayland\u0131"},"content":{"rendered":"<p>\u015eAM \u2013 Cumhurba\u015fkan\u0131 Be\u015f\u015far el Esad bug\u00fcn askerlik hizmet kanunu kapsam\u0131nda 25\/07\/2015 tarihi \u00f6ncesinde i\u015flenen su\u00e7larla birlikte yurti\u00e7i ve yurtd\u0131\u015f\u0131 firari su\u00e7lar\u0131 i\u00e7in genel af \u00f6ng\u00f6ren 2015\/32 say\u0131l\u0131 yasama karar\u0131n\u0131 onaylad\u0131.<\/p>\n<p>Yasama karar\u0131 kapsam\u0131nda:<\/p>\n<p>Madde 1:<\/p>\n<p>A &#8211; Askerlik hizmetinin 1950\/61 say\u0131l\u0131 yasama karar\u0131 ve d\u00fczenlemelerinde askeri cezalar kanunun 100. Maddesi kapsam\u0131nda yurti\u00e7i firarilerinin cezas\u0131n\u0131n tamam\u0131 affediliyor.<\/p>\n<p>B \u2013 Askerlik hizmetinin 1950\/61 say\u0131l\u0131 yasama karar\u0131 ve d\u00fczenlemelerinde askeri cezalar kanunun 101. Maddesi kapsam\u0131nda yurtd\u0131\u015f\u0131 firarilerinin cezas\u0131n\u0131n tamam\u0131 affediliyor.<\/p>\n<p>C \u2013 Af karar\u0131 adaletten ka\u00e7an ve g\u00f6zlerden kaybolanlar\u0131 kapsamay\u0131p ancak ve ancak yurti\u00e7i firarilerin 30 g\u00fcn, yurtd\u0131\u015f\u0131 firarilerin de 60 g\u00fcn s\u00fcre i\u00e7inde teslim olmalar\u0131 ko\u015fuluyla bu aftan faydalanabilir.<\/p>\n<p>Madde 2:<\/p>\n<p>A \u2013 Askerlik hizmetinin 2007\/30 say\u0131l\u0131 kanunu ve d\u00fczenlemeleri kapsam\u0131nda d\u00fc\u015fen askeri cezalar\u0131n tamam\u0131 affediliyor.<\/p>\n<p>B \u2013 Bu Maddenin h\u00fck\u00fcmleri devlete sivil tazminat \u00f6zelli\u011fine sahip para cezalar\u0131n\u0131 kapsamamaktad\u0131r.<\/p>\n<p>A.A.<\/p>\n","protected":false},"excerpt":{"rendered":"<p>\u015eAM \u2013 Cumhurba\u015fkan\u0131 Be\u015f\u015far el Esad bug\u00fcn askerlik hizmet kanunu kapsam\u0131nda 25\/07\/2015 tarihi \u00f6ncesinde i\u015flenen su\u00e7larla birlikte yurti\u00e7i ve yurtd\u0131\u015f\u0131 firari su\u00e7lar\u0131 i\u00e7in genel af \u00f6ng\u00f6ren 2015\/32 say\u0131l\u0131 yasama karar\u0131n\u0131 onaylad\u0131. Yasama karar\u0131 kapsam\u0131nda: Madde 1: A &#8211; Askerlik hizmetinin 1950\/61 say\u0131l\u0131 yasama karar\u0131 ve d\u00fczenlemelerinde askeri cezalar kanunun 100. Maddesi kapsam\u0131nda yurti\u00e7i firarilerinin cezas\u0131n\u0131n &hellip;<\/p>\n","protected":false},"author":1,"featured_media":21076,"comment_status":"closed","ping_status":"closed","sticky":false,"template":"","format":"standard","meta":{"footnotes":""},"categories":[479,605,612,599,478],"tags":[],"class_list":["post-41433","post","type-post","status-publish","format-standard","has-post-thumbnail","","category-haberler-yerel","category-sayin-cumhurbaskani","category-yasama-kararnameler","category-yasama-ve-kanunlar","category-yerel"],"_links":{"self":[{"href":"https:\/\/archive.sana.sy\/tr\/index.php?rest_route=\/wp\/v2\/posts\/41433","targetHints":{"allow":["GET"]}}],"collection":[{"href":"https:\/\/archive.sana.sy\/tr\/index.php?rest_route=\/wp\/v2\/posts"}],"about":[{"href":"https:\/\/archive.sana.sy\/tr\/index.php?rest_route=\/wp\/v2\/types\/post"}],"author":[{"embeddable":true,"href":"https:\/\/archive.sana.sy\/tr\/index.php?rest_route=\/wp\/v2\/users\/1"}],"replies":[{"embeddable":true,"href":"https:\/\/archive.sana.sy\/tr\/index.php?rest_route=%2Fwp%2Fv2%2Fcomments&post=41433"}],"version-history":[{"count":0,"href":"https:\/\/archive.sana.sy\/tr\/index.php?rest_route=\/wp\/v2\/posts\/41433\/revisions"}],"wp:featuredmedia":[{"embeddable":true,"href":"https:\/\/archive.sana.sy\/tr\/index.php?rest_route=\/wp\/v2\/media\/21076"}],"wp:attachment":[{"href":"https:\/\/archive.sana.sy\/tr\/index.php?rest_route=%2Fwp%2Fv2%2Fmedia&parent=41433"}],"wp:term":[{"taxonomy":"category","embeddable":true,"href":"https:\/\/archive.sana.sy\/tr\/index.php?rest_route=%2Fwp%2Fv2%2Fcategories&post=41433"},{"taxonomy":"post_tag","embeddable":true,"href":"https:\/\/archive.sana.sy\/tr\/index.php?rest_route=%2Fwp%2Fv2%2Ftags&post=41433"}],"curies":[{"name":"wp","href":"https:\/\/api.w.org\/{rel}","templated":true}]}}