{"id":41444,"date":"2015-07-25T16:17:35","date_gmt":"2015-07-25T13:17:35","guid":{"rendered":"http:\/\/www.sana.sy\/tr\/?p=41444"},"modified":"2015-07-25T16:17:48","modified_gmt":"2015-07-25T13:17:48","slug":"enformasyon-bakanliginin-cumhurbaskani-bessar-el-esadin-gozetimi-altinda-samdaki-esad-kultur-sanat-merkezinde-duzenledigi-uluslararasi-tekfirci-terore-karsi-mucadele-medya-s","status":"publish","type":"post","link":"https:\/\/archive.sana.sy\/tr\/?p=41444","title":{"rendered":"Enformasyon Bakanl\u0131\u011f\u0131n\u0131n Cumhurba\u015fkan\u0131 Be\u015f\u015far el Esad\u2019\u0131n g\u00f6zetimi alt\u0131nda \u015eam\u2019daki Esad K\u00fclt\u00fcr Sanat Merkezinde d\u00fczenledi\u011fi \u2018Uluslararas\u0131 Tekfirci Ter\u00f6re Kar\u015f\u0131 M\u00fccadele Medya Sava\u015f\u0131 kat\u0131l\u0131mc\u0131lar\u0131 iki g\u00fcn s\u00fcren \u00e7al\u0131\u015fmalar\u0131n\u0131n bitiminde \u2018\u015eam Deklarasyonu\u2019nu deklere ettiler"},"content":{"rendered":"<p>Enformasyon Bakanl\u0131\u011f\u0131n\u0131n Cumhurba\u015fkan\u0131 Be\u015f\u015far el Esad\u2019\u0131n g\u00f6zetimi alt\u0131nda \u015eam\u2019daki Esad K\u00fclt\u00fcr Sanat Merkezinde d\u00fczenledi\u011fi \u2018Uluslararas\u0131 Tekfirci Ter\u00f6re Kar\u015f\u0131 M\u00fccadele Medya Sava\u015f\u0131 kat\u0131l\u0131mc\u0131lar\u0131 iki g\u00fcn s\u00fcren \u00e7al\u0131\u015fmalar\u0131n\u0131n bitiminde \u2018\u015eam Deklarasyonu\u2019nu deklere ettiler<\/p>\n","protected":false},"excerpt":{"rendered":"<p>Enformasyon Bakanl\u0131\u011f\u0131n\u0131n Cumhurba\u015fkan\u0131 Be\u015f\u015far el Esad\u2019\u0131n g\u00f6zetimi alt\u0131nda \u015eam\u2019daki Esad K\u00fclt\u00fcr Sanat Merkezinde d\u00fczenledi\u011fi \u2018Uluslararas\u0131 Tekfirci Ter\u00f6re Kar\u015f\u0131 M\u00fccadele Medya Sava\u015f\u0131 kat\u0131l\u0131mc\u0131lar\u0131 iki g\u00fcn s\u00fcren \u00e7al\u0131\u015fmalar\u0131n\u0131n bitiminde \u2018\u015eam Deklarasyonu\u2019nu deklere ettiler<\/p>\n","protected":false},"author":1,"featured_media":0,"comment_status":"closed","ping_status":"closed","sticky":false,"template":"","format":"standard","meta":{"footnotes":""},"categories":[1],"tags":[],"class_list":["post-41444","post","type-post","status-publish","format-standard","","category-news-not-sorted"],"_links":{"self":[{"href":"https:\/\/archive.sana.sy\/tr\/index.php?rest_route=\/wp\/v2\/posts\/41444","targetHints":{"allow":["GET"]}}],"collection":[{"href":"https:\/\/archive.sana.sy\/tr\/index.php?rest_route=\/wp\/v2\/posts"}],"about":[{"href":"https:\/\/archive.sana.sy\/tr\/index.php?rest_route=\/wp\/v2\/types\/post"}],"author":[{"embeddable":true,"href":"https:\/\/archive.sana.sy\/tr\/index.php?rest_route=\/wp\/v2\/users\/1"}],"replies":[{"embeddable":true,"href":"https:\/\/archive.sana.sy\/tr\/index.php?rest_route=%2Fwp%2Fv2%2Fcomments&post=41444"}],"version-history":[{"count":0,"href":"https:\/\/archive.sana.sy\/tr\/index.php?rest_route=\/wp\/v2\/posts\/41444\/revisions"}],"wp:attachment":[{"href":"https:\/\/archive.sana.sy\/tr\/index.php?rest_route=%2Fwp%2Fv2%2Fmedia&parent=41444"}],"wp:term":[{"taxonomy":"category","embeddable":true,"href":"https:\/\/archive.sana.sy\/tr\/index.php?rest_route=%2Fwp%2Fv2%2Fcategories&post=41444"},{"taxonomy":"post_tag","embeddable":true,"href":"https:\/\/archive.sana.sy\/tr\/index.php?rest_route=%2Fwp%2Fv2%2Ftags&post=41444"}],"curies":[{"name":"wp","href":"https:\/\/api.w.org\/{rel}","templated":true}]}}