{"id":41445,"date":"2015-07-25T17:35:08","date_gmt":"2015-07-25T14:35:08","guid":{"rendered":"http:\/\/www.sana.sy\/tr\/?p=41445"},"modified":"2015-07-25T17:35:43","modified_gmt":"2015-07-25T14:35:43","slug":"gunun-ilerleyen-saatlerinde-aciklama-yapan-askeri-kaynak-hava-guclerimizin-yine-lazkiye-kirsalinin-kuzeyi-sukkeriye-ve-kasatil-bolgelerinde-tekfirci-teroristlerin-bircok-aracini-ve-yuvasini-muhtevalar","status":"publish","type":"post","link":"https:\/\/archive.sana.sy\/tr\/?p=41445","title":{"rendered":"Askeri kaynak hava g\u00fc\u00e7lerimizin Lazkiye k\u0131rsal\u0131n\u0131n kuzeyi S\u00fckkeriye ve Kasatil b\u00f6lgelerinde tekfirci ter\u00f6ristlerin bir\u00e7ok arac\u0131n\u0131 ve yuvas\u0131n\u0131 muhtevalar\u0131yla imha ettiklerini aktard\u0131"},"content":{"rendered":"<p>Askeri kaynak hava g\u00fc\u00e7lerimizin Lazkiye k\u0131rsal\u0131n\u0131n kuzeyi S\u00fckkeriye ve Kasatil b\u00f6lgelerinde tekfirci ter\u00f6ristlerin bir\u00e7ok arac\u0131n\u0131 ve yuvas\u0131n\u0131 muhtevalar\u0131yla imha ettiklerini aktard\u0131<\/p>\n","protected":false},"excerpt":{"rendered":"<p>Askeri kaynak hava g\u00fc\u00e7lerimizin Lazkiye k\u0131rsal\u0131n\u0131n kuzeyi S\u00fckkeriye ve Kasatil b\u00f6lgelerinde tekfirci ter\u00f6ristlerin bir\u00e7ok arac\u0131n\u0131 ve yuvas\u0131n\u0131 muhtevalar\u0131yla imha ettiklerini aktard\u0131<\/p>\n","protected":false},"author":1,"featured_media":0,"comment_status":"closed","ping_status":"closed","sticky":false,"template":"","format":"standard","meta":{"footnotes":""},"categories":[1],"tags":[],"class_list":["post-41445","post","type-post","status-publish","format-standard","","category-news-not-sorted"],"_links":{"self":[{"href":"https:\/\/archive.sana.sy\/tr\/index.php?rest_route=\/wp\/v2\/posts\/41445","targetHints":{"allow":["GET"]}}],"collection":[{"href":"https:\/\/archive.sana.sy\/tr\/index.php?rest_route=\/wp\/v2\/posts"}],"about":[{"href":"https:\/\/archive.sana.sy\/tr\/index.php?rest_route=\/wp\/v2\/types\/post"}],"author":[{"embeddable":true,"href":"https:\/\/archive.sana.sy\/tr\/index.php?rest_route=\/wp\/v2\/users\/1"}],"replies":[{"embeddable":true,"href":"https:\/\/archive.sana.sy\/tr\/index.php?rest_route=%2Fwp%2Fv2%2Fcomments&post=41445"}],"version-history":[{"count":0,"href":"https:\/\/archive.sana.sy\/tr\/index.php?rest_route=\/wp\/v2\/posts\/41445\/revisions"}],"wp:attachment":[{"href":"https:\/\/archive.sana.sy\/tr\/index.php?rest_route=%2Fwp%2Fv2%2Fmedia&parent=41445"}],"wp:term":[{"taxonomy":"category","embeddable":true,"href":"https:\/\/archive.sana.sy\/tr\/index.php?rest_route=%2Fwp%2Fv2%2Fcategories&post=41445"},{"taxonomy":"post_tag","embeddable":true,"href":"https:\/\/archive.sana.sy\/tr\/index.php?rest_route=%2Fwp%2Fv2%2Ftags&post=41445"}],"curies":[{"name":"wp","href":"https:\/\/api.w.org\/{rel}","templated":true}]}}