{"id":41450,"date":"2015-07-25T16:30:27","date_gmt":"2015-07-25T13:30:27","guid":{"rendered":"http:\/\/www.sana.sy\/tr\/?p=41450"},"modified":"2015-07-25T16:20:57","modified_gmt":"2015-07-25T13:20:57","slug":"enformasyon-bakani-omran-el-zoubinin-katilimcilara-okudugu-deklarasyonda-tum-teror-orgutlerin-devletler-ve-bm-duzeylerinde-teror-listelerine-alinmalari-gerektigi-vurgulandi-bu-teror-orgutler","status":"publish","type":"post","link":"https:\/\/archive.sana.sy\/tr\/?p=41450","title":{"rendered":"Enformasyon Bakan\u0131 Omran el Zoubi\u2019nin kat\u0131l\u0131mc\u0131lara okudu\u011fu deklarasyonda t\u00fcm ter\u00f6r \u00f6rg\u00fctlerin devletler ve BM d\u00fczeylerinde ter\u00f6r listelerine al\u0131nmalar\u0131 gerekti\u011fi vurguland\u0131. Bu ter\u00f6r \u00f6rg\u00fctlere kar\u015f\u0131 b\u00f6lgesel ve evrensel organizeli ve ciddi bir m\u00fccadelenin yap\u0131lmas\u0131 gere\u011finin alt\u0131 \u00e7izildi\u011fi deklarasyonda; ayr\u0131ca ter\u00f6r \u00f6rg\u00fctlere herhangi bir \u015fekilde destek verecek devletlerin k\u0131nanmas\u0131 gere\u011fi belirtildi"},"content":{"rendered":"<p>Enformasyon Bakan\u0131 Omran el Zoubi\u2019nin kat\u0131l\u0131mc\u0131lara okudu\u011fu deklarasyonda t\u00fcm ter\u00f6r \u00f6rg\u00fctlerin devletler ve BM d\u00fczeylerinde ter\u00f6r listelerine al\u0131nmalar\u0131 gerekti\u011fi vurguland\u0131. Bu ter\u00f6r \u00f6rg\u00fctlere kar\u015f\u0131 b\u00f6lgesel ve evrensel organizeli ve ciddi bir m\u00fccadelenin yap\u0131lmas\u0131 gere\u011finin alt\u0131 \u00e7izildi\u011fi deklarasyonda; ayr\u0131ca ter\u00f6r \u00f6rg\u00fctlere herhangi bir \u015fekilde destek verecek devletlerin k\u0131nanmas\u0131 gere\u011fi belirtildi<\/p>\n","protected":false},"excerpt":{"rendered":"<p>Enformasyon Bakan\u0131 Omran el Zoubi\u2019nin kat\u0131l\u0131mc\u0131lara okudu\u011fu deklarasyonda t\u00fcm ter\u00f6r \u00f6rg\u00fctlerin devletler ve BM d\u00fczeylerinde ter\u00f6r listelerine al\u0131nmalar\u0131 gerekti\u011fi vurguland\u0131. Bu ter\u00f6r \u00f6rg\u00fctlere kar\u015f\u0131 b\u00f6lgesel ve evrensel organizeli ve ciddi bir m\u00fccadelenin yap\u0131lmas\u0131 gere\u011finin alt\u0131 \u00e7izildi\u011fi deklarasyonda; ayr\u0131ca ter\u00f6r \u00f6rg\u00fctlere herhangi bir \u015fekilde destek verecek devletlerin k\u0131nanmas\u0131 gere\u011fi belirtildi<\/p>\n","protected":false},"author":1,"featured_media":0,"comment_status":"closed","ping_status":"closed","sticky":false,"template":"","format":"standard","meta":{"footnotes":""},"categories":[1],"tags":[],"class_list":["post-41450","post","type-post","status-publish","format-standard","","category-news-not-sorted"],"_links":{"self":[{"href":"https:\/\/archive.sana.sy\/tr\/index.php?rest_route=\/wp\/v2\/posts\/41450","targetHints":{"allow":["GET"]}}],"collection":[{"href":"https:\/\/archive.sana.sy\/tr\/index.php?rest_route=\/wp\/v2\/posts"}],"about":[{"href":"https:\/\/archive.sana.sy\/tr\/index.php?rest_route=\/wp\/v2\/types\/post"}],"author":[{"embeddable":true,"href":"https:\/\/archive.sana.sy\/tr\/index.php?rest_route=\/wp\/v2\/users\/1"}],"replies":[{"embeddable":true,"href":"https:\/\/archive.sana.sy\/tr\/index.php?rest_route=%2Fwp%2Fv2%2Fcomments&post=41450"}],"version-history":[{"count":0,"href":"https:\/\/archive.sana.sy\/tr\/index.php?rest_route=\/wp\/v2\/posts\/41450\/revisions"}],"wp:attachment":[{"href":"https:\/\/archive.sana.sy\/tr\/index.php?rest_route=%2Fwp%2Fv2%2Fmedia&parent=41450"}],"wp:term":[{"taxonomy":"category","embeddable":true,"href":"https:\/\/archive.sana.sy\/tr\/index.php?rest_route=%2Fwp%2Fv2%2Fcategories&post=41450"},{"taxonomy":"post_tag","embeddable":true,"href":"https:\/\/archive.sana.sy\/tr\/index.php?rest_route=%2Fwp%2Fv2%2Ftags&post=41450"}],"curies":[{"name":"wp","href":"https:\/\/api.w.org\/{rel}","templated":true}]}}