{"id":41454,"date":"2015-07-25T18:30:06","date_gmt":"2015-07-25T15:30:06","guid":{"rendered":"http:\/\/www.sana.sy\/tr\/?p=41454"},"modified":"2015-07-26T12:07:38","modified_gmt":"2015-07-26T09:07:38","slug":"konferansin-bitiminde-sam-deklarasyonu-deklere-edildi","status":"publish","type":"post","link":"https:\/\/archive.sana.sy\/tr\/?p=41454","title":{"rendered":"Konferans\u0131n Bitiminde \u2018\u015eam Deklarasyonu\u2019 Deklere Edildi"},"content":{"rendered":"<p>\u015eAM \u2013 Enformasyon Bakanl\u0131\u011f\u0131n\u0131n Cumhurba\u015fkan\u0131 Be\u015f\u015far el Esad\u2019\u0131n g\u00f6zetimi alt\u0131nda \u015eam\u2019daki Esad K\u00fclt\u00fcr Sanat Merkezinde d\u00fczenledi\u011fi \u2018Uluslararas\u0131 Tekfirci Ter\u00f6re Kar\u015f\u0131 M\u00fccadele Medya Sava\u015f\u0131 kat\u0131l\u0131mc\u0131lar\u0131 iki g\u00fcn s\u00fcren \u00e7al\u0131\u015fmalar\u0131n\u0131n bitiminde \u2018\u015eam Deklarasyonu\u2019nu deklere ettiler.<\/p>\n<p><span style=\"color: #0000ff\">B\u00f6lgesel ve Evrensel Organizeli Bir M\u00fccadele Olmal\u0131d\u0131r<\/span><\/p>\n<p>Enformasyon Bakan\u0131 Omran el Zoubi\u2019nin kat\u0131l\u0131mc\u0131lara okudu\u011fu deklarasyonda t\u00fcm ter\u00f6r \u00f6rg\u00fctlerin devletler ve BM d\u00fczeylerinde ter\u00f6r listelerine al\u0131nmalar\u0131 gerekti\u011fi vurguland\u0131. Bu ter\u00f6r \u00f6rg\u00fctlere kar\u015f\u0131 b\u00f6lgesel ve evrensel organizeli ve ciddi bir m\u00fccadelenin yap\u0131lmas\u0131 gere\u011finin alt\u0131 \u00e7izildi\u011fi deklarasyonda; ayr\u0131ca ter\u00f6r \u00f6rg\u00fctlere herhangi bir \u015fekilde destek verecek devletlerin k\u0131nanmas\u0131 gere\u011fi belirtildi.<\/p>\n<p>Ter\u00f6re kar\u015f\u0131 m\u00fccadele eden devlet ve h\u00fck\u00fcmetlerin desteklenmesi gere\u011finin vurguland\u0131\u011f\u0131 deklarasyonda; krizlerinin de siyasi yollarla \u00e7\u00f6z\u00fclmesini destekleme gere\u011fi belirtildi. Deklarasyonda ter\u00f6r\u00fc destekleyen ve provoke eden medya ara\u00e7lar\u0131n\u0131n bu ter\u00f6r\u00fcn bir par\u00e7as\u0131 say\u0131lmas\u0131 \u00f6neminin alt\u0131 \u00e7izildi.<\/p>\n<p><span style=\"color: #0000ff\">Muhtelif Adland\u0131rmalar Alt\u0131ndaki Ter\u00f6ristlerin Hedefleri ve Finans Kaynaklar\u0131 Birdir<\/span><\/p>\n<p>Deklarasyonda Suriye Arap Cumhuriyetine kar\u015f\u0131 ter\u00f6r sava\u015f\u0131n\u0131n s\u00fcrmesi g\u00f6lgesinde tekfirci ter\u00f6r olgusunun bir\u00e7ok Bat\u0131l\u0131, Arap ve \u0130slam devletinde yay\u0131ld\u0131\u011f\u0131na i\u015faret edilerek; bu ter\u00f6r\u00fcn muhtelif adland\u0131rmalar alt\u0131nda \u00f6rg\u00fctlendi\u011fi, hedef ve y\u00f6nteminin ise bir oldu\u011funu, finans ve silah kaynaklar\u0131n\u0131n da bir oldu\u011fu vurguland\u0131.<\/p>\n<p><span style=\"color: #0000ff\">Katliam ve Sabotaj Eylemlerinde S\u0131n\u0131r Yada \u0130stisna Yok<\/span><\/p>\n<p>Muhtelif b\u00f6lgelerde onlarca toplu katliam ger\u00e7ekle\u015ftiren ve ger\u00e7ekle\u015ftirmekte olan bu ter\u00f6re kar\u015f\u0131 ortak m\u00fccadelenin gerekli hale geldi\u011fine dikkat \u00e7ekilen deklarasyonda; tekfirci ter\u00f6r\u00fcn sald\u0131r\u0131 ve katliamlar\u0131nda din, \u0131rk yada hi\u00e7bir \u015fehit dikkate almad\u0131\u011f\u0131 belirtildi. Deklarasyonda ayn\u0131 zamanda d\u0131\u015f g\u00fc\u00e7lerin destekledikleri tekfirci ter\u00f6r\u00fcn altyap\u0131 ve hizmet kurumlar\u0131, kutsal mekanlar ve dini \u015fahsiyetler, tarihi eser ve medeniyet, k\u00fclt\u00fcr ve folklor, ayd\u0131n ve akademisyenleri, okul ve hastaneleri hedef ald\u0131\u011f\u0131 kaydedildi. Deklarasyonda tekfirci ter\u00f6r\u00fcn ba\u015fkalar\u0131n\u0131 yok etmek siyasi ve ideolojik dayatmalarda bulunma hedefinde oldu\u011funun alt\u0131 \u00e7izildi.<\/p>\n<p>Tekfirci ter\u00f6r \u00f6rg\u00fctlerin d\u00fcnya \u00fclkeleri aras\u0131ndaki siyasi anla\u015fmazl\u0131klar ve \u00e7eli\u015fkileri f\u0131rsat kullan\u0131p askeri, mali ve be\u015feri ve medya g\u00fc\u00e7lerini b\u00fcy\u00fctt\u00fcklerinin alt\u0131 \u00e7izildi\u011fi deklarasyonda; bu \u00f6rg\u00fctlerin karanl\u0131k ve dayatmac\u0131 hedeflerini aleni bir \u015fekilde ifade etmeye ba\u015flad\u0131klar\u0131 kaydedildi. Deklarasyonda tekfirci \u00f6rg\u00fctlerin hedeflerine ula\u015fmada t\u00fcm semavi dinler, insan haklar\u0131 uluslar aras\u0131 kanun ve misaklara en \u00e7irkef ihlalleri te\u015fkil eden y\u00f6ntemlere de ba\u015fvurduklar\u0131n\u0131n alt\u0131 \u00e7izildi.<\/p>\n<p><span style=\"color: #0000ff\">Destekleyen Medya Ara\u00e7lar\u0131 Ter\u00f6r\u00fcn Bir Par\u00e7as\u0131 Say\u0131lmal\u0131d\u0131r<\/span><\/p>\n<p>Deklarasyonda bu ter\u00f6r \u00f6rg\u00fctlerinin ba\u015f\u0131nda I\u015e\u0130D, Kaide \u00d6rg\u00fct\u00fcn\u00fcn Suriye kolu Nusra Cephesi, Ahrar el \u015eam \u0130slami Hareketi, Fetih Ordusu, \u015eam Cephesi, Eknaf beyt el Makdis, M\u00fcsl\u00fcman Karde\u015fler ve daha ba\u015fka isimlerin bulundu\u011funa dikkat \u00e7ekildi.<\/p>\n<p>\u00d6zellikle dini yada siyasi boyutlar ta\u015f\u0131yan kimi medya ara\u00e7lar\u0131n\u0131n s\u00f6z konusu tekfirci ter\u00f6r \u00f6rg\u00fctleriyle tam bir i\u015fbirli\u011fi i\u00e7inde olduklar\u0131na dikkat \u00e7ekilen deklarasyonda; bu medya ara\u00e7lar\u0131n\u0131n ter\u00f6r \u00f6rg\u00fctlerinin bir par\u00e7as\u0131 oldu\u011funa da vurgu yap\u0131ld\u0131.<\/p>\n<p>Deklarasyonda tekfirci ter\u00f6r\u00fcn b\u00f6lge halklar\u0131n\u0131n yan\u0131nda t\u00fcm d\u00fcnya halklar\u0131na en b\u00fcy\u00fck tehlikeyi te\u015fkil etti\u011finin alt\u0131 \u00e7izilerek; bu tehlikeye kar\u015f\u0131 m\u00fccadelede i\u015fbirli\u011fi ve koordinasyonun \u00f6nemine vurgu yap\u0131ld\u0131.<\/p>\n<p><span style=\"color: #0000ff\">Kararlar Uygulanmal\u0131, Uymayanlar da Uymaya Zorlanmal\u0131d\u0131r<\/span><\/p>\n<p>Deklarasyonda G\u00fcvenlik Konseyi ve BM\u2019nin daha \u00f6nce ter\u00f6rle m\u00fccadeleye ili\u015fkin kararlar\u0131n\u0131n hayata ge\u00e7irilmesi gere\u011finin yan\u0131nda bu kararlar\u0131n tarafs\u0131z ve ciddi bir \u015fekilde hayata ge\u00e7irilip uymayanlar\u0131n uymaya zorlanmalar\u0131 \u00f6nemi belirtildi. Deklarasyonda ayr\u0131ca ter\u00f6r \u00f6rg\u00fctlere mali, askeri g\u00fcvenlik yada herhangi bir destekte bulunacak devletlerin kar\u015f\u0131 koyulmas\u0131 ve cezaland\u0131r\u0131lmas\u0131 gereken devlet ter\u00f6r\u00fcnde bulundu\u011fu olarak kabul edilmesi gerekti\u011fi ifade edildi.<\/p>\n<p><span style=\"color: #0000ff\">\u0130srail Anla\u015fmazl\u0131k Cevheri Olarak Kalacakt\u0131r<\/span><\/p>\n<p>\u0130srail ile anla\u015fmazl\u0131k cevherinin her daim oldu\u011fu gibi Filistin davas\u0131 olarak kalmas\u0131 y\u00f6n\u00fcnde medya \u00e7abalar\u0131n\u0131n birle\u015ftirilip koordine edilmesi gere\u011finin de belirtildi\u011fi \u015eam Deklarasyonunda; \u0130srail&#8217;in devlet ter\u00f6r\u00fcn\u00fcn en tehlikesini temsil etti\u011fi ifade edildi.<\/p>\n<p>Deklarasyonda direni\u015f ekseninin b\u00f6lge halklar\u0131n\u0131n zul\u00fcm, sald\u0131r\u0131, s\u00f6m\u00fcr\u00fc ve tekfirci ter\u00f6rden kurtulma ideallerinin umudunu te\u015fkil etti\u011fi kaydedildi.<\/p>\n<p><span style=\"color: #0000ff\">Ter\u00f6re Kar\u015f\u0131 Sava\u015fan H\u00fck\u00fcmetler Desteklenecektir<\/span><\/p>\n<p>\u00d6zellikle Suriye, Irak, Libya, M\u0131s\u0131r, Yemen, Afganistan, Tunus, Cezayir ve daha ba\u015fka devletlerde ter\u00f6re kar\u015f\u0131 sava\u015fan h\u00fck\u00fcmetlerin desteklenmesi talep edilen deklarasyonda; Suriye, Irak ve Libya&#8217;da me\u015fru h\u00fck\u00fcmetlerle i\u015fbirli\u011fi ve koordinasyon arac\u0131l\u0131\u011f\u0131 ile siyasi \u00e7\u00f6z\u00fcmlerin desteklenmesi de istendi.<\/p>\n<p>Deklarasyonda ter\u00f6r \u00f6rg\u00fctlerini desteklemesinin yan\u0131nda b\u00f6lge ve d\u00fcnya devletlerine kar\u015f\u0131 provoke eden, mezhepsel boyular alan televizyon kanallar\u0131na ilaveten sosyal medya ara\u00e7lar\u0131 dahil muhtelif t\u00fcr medya ara\u00e7lar\u0131n\u0131n ter\u00f6r\u00fcn bir par\u00e7as\u0131 niteli\u011finde say\u0131l\u0131p bunlara kar\u015f\u0131 gerekli icraatlar\u0131n al\u0131nmas\u0131 talebi yap\u0131ld\u0131.<\/p>\n<p><span style=\"color: #0000ff\">Uluslar aras\u0131 Hukuk Sistemi Haz\u0131rlanmal\u0131d\u0131r<\/span><\/p>\n<p>Deklarasyonda, \u015fah\u0131slar, kurumlar, h\u00fck\u00fcmetler yada istihbarat \u00f6rg\u00fctleri arac\u0131l\u0131\u011f\u0131yla yap\u0131lan finans eylemlerini takip etme sisteminin geli\u015ftirilmesi gereklili\u011fine vurgu yap\u0131l\u0131rken faillerin cezaland\u0131r\u0131lmas\u0131, y\u00fcr\u00fcrl\u00fckteki ulusal ve uluslar aras\u0131 kanunlar\u0131n tekfirci ter\u00f6r\u00fcn kriminalize edilmesi, ter\u00f6r \u00f6rg\u00fctleri, \u00fcyeleri ve destek\u00e7ilerinin cezaland\u0131r\u0131lmas\u0131n\u0131 sa\u011flayacak uluslar aras\u0131 bir hukuk sistemi haz\u0131rlama yoluyla geli\u015ftirilmesinin \u00f6nemine de\u011finildi.<\/p>\n<p><span style=\"color: #0000ff\">Ortak Bas\u0131n Eylem Plan\u0131 Haz\u0131rlanmal\u0131d\u0131r<\/span><\/p>\n<p>Bununla birlikte bas\u0131n kanununun bas\u0131n kurulu\u015flar\u0131n\u0131n ter\u00f6r \u00f6rg\u00fctlerinin faaliyetlerini ele almalar\u0131n\u0131 engelleyecek ve gelecek ku\u015faklara etkisini s\u0131n\u0131rlayacak \u015fekilde yeniden g\u00f6zden ge\u00e7irilmesi gereklili\u011fine i\u015faret eden deklarasyon tekfirci anlay\u0131\u015fla m\u00fccadele etme, \u201c\u0130slamofobi\u201d, radikal \u0130slam ve tekfirci ak\u0131mlar\u0131n ortaya att\u0131\u011f\u0131 g\u00f6r\u00fc\u015fleri \u00e7\u00fcr\u00fctme y\u00f6n\u00fcnde k\u00fclt\u00fcr bilincini yayg\u0131nla\u015ft\u0131rmak amac\u0131yla ortak bir bas\u0131n eylem plan\u0131 haz\u0131rlama \u00e7a\u011fr\u0131s\u0131 yapt\u0131.<\/p>\n<p>\u015eam Deklarasyonu, ter\u00f6rle m\u00fccadele eden \u00fclkelerin resmi ulusal medya kurulu\u015flar\u0131 ile \u00f6zel medya kurulu\u015flar\u0131 aras\u0131nda radikal \u0130slamc\u0131 ter\u00f6r \u00f6rg\u00fctlerini, onlara silah ve finans deste\u011fi sa\u011flayanlar\u0131 a\u00e7\u0131\u011fa \u00e7\u0131karacak koordinasyonun sa\u011flanmas\u0131 gereklili\u011fine dikkat \u00e7ekerken Suriye\u2019de y\u0131llard\u0131r bu m\u00fccadeleyi veren resmi ve \u00f6zel bas\u0131n kurulu\u015flar\u0131n\u0131 destekleme \u00e7a\u011fr\u0131s\u0131 yapt\u0131.<\/p>\n<p><span style=\"color: #0000ff\">Al\u0131nan Kararlar\u0131 \u0130zleme Komitesi Olu\u015fturulmal\u0131<\/span><\/p>\n<p>Di\u011fer yandan konferans kat\u0131l\u0131mc\u0131lar\u0131, konferansta al\u0131nan kararlar\u0131 izleme komitesi olu\u015fturuldu\u011funu ilan ederek her t\u00fcrl\u00fc ter\u00f6re kar\u015f\u0131 \u015eam merkezli uluslararas\u0131 medya platformu kurma haz\u0131rl\u0131\u011f\u0131nda olduklar\u0131n\u0131 a\u00e7\u0131klad\u0131.<\/p>\n<p>Kat\u0131l\u0131mc\u0131lar b\u00f6lge ve d\u00fcnya \u00fclkeleri h\u00fck\u00fcmetlerinin gerek\u00e7esi ne olursa olsun ter\u00f6r \u00f6rg\u00fctleriyle m\u00fccadelede ayak s\u00fcr\u00fcmenin b\u00fcy\u00fck bir tarihi hata oldu\u011fu ger\u00e7e\u011fini idrak etmesi gerekti\u011fini vurgulayarak d\u00fcnyadaki hi\u00e7bir \u00fclkenin ter\u00f6r tehlikesinden ve sonu\u00e7lar\u0131nda uzak olmad\u0131\u011f\u0131na dikkat \u00e7ekti.<\/p>\n<p><span style=\"color: #0000ff\">A\u00e7\u0131k ve \u015eeffaf Bir \u00c7a\u011fr\u0131 Niteli\u011findedir<\/span><\/p>\n<p>Kat\u0131l\u0131mc\u0131lar, radikal \u0130slamc\u0131 ter\u00f6r \u00f6rg\u00fctlerinin konvansiyel olmayan silahlara, geli\u015fmi\u015f ileti\u015fim imkanlar\u0131n\u0131n yan\u0131 s\u0131ra \u00f6ng\u00f6r\u00fclmeyen \u00e7ok say\u0131da e\u011fitilmi\u015f silahl\u0131 unsurlara mali ve ekonomik imkanlara sahip oldu\u011funa i\u015faret etti.<\/p>\n<p>Kat\u0131l\u0131mc\u0131lar , deklarasyonun t\u00fcm b\u00f6lge \u00fclkeleri h\u00fck\u00fcmetleri, halklar\u0131, siyasi g\u00fc\u00e7lerinin temsilcilerinin yan\u0131 s\u0131ra diyaloga ve farkl\u0131l\u0131klara inanan insanlara, demokratik ak\u0131mlara, tekfirci ter\u00f6rle m\u00fccadelenin uluslar aras\u0131 ve b\u00f6lgesel platforma ta\u015f\u0131nmas\u0131 amac\u0131yla g\u00fc\u00e7lerini birle\u015ftirmeleri ve \u00f6rg\u00fctlemeleri y\u00f6n\u00fcnde a\u00e7\u0131k ve \u015feffaf bir \u00e7a\u011fr\u0131 niteli\u011finde oldu\u011funu belirtti.<\/p>\n<p><span style=\"color: #0000ff\">Konferans Kat\u0131l\u0131mc\u0131lardan Esad\u2019a Mesaj<\/span><\/p>\n<p>Konferans kat\u0131l\u0131mc\u0131lar\u0131, \u00e7al\u0131\u015fmalar\u0131n\u0131 bitiminde Cumhurba\u015fkan\u0131 Be\u015f\u015far el-Esad\u2019a bir mesaj g\u00f6nderdi.<\/p>\n<p>Mesajda, Cumhurba\u015fkan\u0131 el-Esad\u2019a sayg\u0131 ve takdirlerini sunan kat\u0131l\u0131mc\u0131lar Suriye devleti, direni\u015f\u00e7i ordusu ve halk\u0131na sevgi ve ba\u011fl\u0131l\u0131klar\u0131n\u0131 ifade etti.<\/p>\n<p>Kat\u0131l\u0131mc\u0131lar mesajlar\u0131nda, Suriye\u2019nin bilin\u00e7li halk\u0131 , \u015feffaf ve a\u00e7\u0131k \u00f6nderli\u011fi, halk , ordu ve liderli\u011finin uyumlu ili\u015fkisi sayesinde maruz kald\u0131\u011f\u0131 ter\u00f6r sald\u0131r\u0131s\u0131na kar\u015f\u0131 emsalsiz diren\u00e7li bir tutum sergiledi\u011fini ifade etti.<\/p>\n<p>Kat\u0131l\u0131mc\u0131lar mesajlar\u0131nda, \u201cter\u00f6re kar\u015f\u0131 m\u00fccadele veren, Nusra ve \u0130\u015e\u0130D benzeri vah\u015fi ter\u00f6r \u00f6rg\u00fctlerine kar\u015f\u0131 m\u00fccadele bayra\u011f\u0131n\u0131 y\u00fckselten Suriye\u2019nin ba\u015fkentinde ilk kez d\u00fczenlenen konferans\u0131m\u0131z tekfirci ter\u00f6rle m\u00fccadeleye ili\u015fkin bir dizi sonu\u00e7 ve tavsiyeler i\u00e7eren \u015eam Deklarasyonun a\u00e7\u0131klanmas\u0131yla sona erdi. Konferansta al\u0131nan kararlar\u0131 izleme, bas\u0131n ve k\u00fclt\u00fcrel i\u00e7eriklerini derinle\u015ftirme , ter\u00f6r, hedefleri, k\u00f6keni, ara\u00e7lar\u0131 , tehlikeleri, vah\u015feti ve etkileri konusunda olu\u015fan tabloyu ve bas\u0131n s\u00f6ylemelerini d\u00fczeltme y\u00fcn\u00fcnde \u00e7al\u0131\u015fmalar\u0131m\u0131z\u0131 s\u00fcrd\u00fcrme kararl\u0131\u011f\u0131nday\u0131z\u201d dedi.<br \/>\nMesaj\u2019da Suriye\u2019nin \u00f6zg\u00fcrl\u00fck\u00e7\u00fclerin liman\u0131, \u00f6zg\u00fcrl\u00fc\u011f\u00fcn ger\u00e7ek kalesi , Suriye halk\u0131n\u0131n ulusal birli\u011fin, kararl\u0131l\u0131k ve azmin,ordusunun ise vatanseverli\u011fin ve Suriye insan\u0131n\u0131n cesaret \u00f6rne\u011fi olmaya devam edece\u011fi vurguland\u0131.<\/p>\n<p>A.A.<\/p>\n","protected":false},"excerpt":{"rendered":"<p>\u015eAM \u2013 Enformasyon Bakanl\u0131\u011f\u0131n\u0131n Cumhurba\u015fkan\u0131 Be\u015f\u015far el Esad\u2019\u0131n g\u00f6zetimi alt\u0131nda \u015eam\u2019daki Esad K\u00fclt\u00fcr Sanat Merkezinde d\u00fczenledi\u011fi \u2018Uluslararas\u0131 Tekfirci Ter\u00f6re Kar\u015f\u0131 M\u00fccadele Medya Sava\u015f\u0131 kat\u0131l\u0131mc\u0131lar\u0131 iki g\u00fcn s\u00fcren \u00e7al\u0131\u015fmalar\u0131n\u0131n bitiminde \u2018\u015eam Deklarasyonu\u2019nu deklere ettiler. B\u00f6lgesel ve Evrensel Organizeli Bir M\u00fccadele Olmal\u0131d\u0131r Enformasyon Bakan\u0131 Omran el Zoubi\u2019nin kat\u0131l\u0131mc\u0131lara okudu\u011fu deklarasyonda t\u00fcm ter\u00f6r \u00f6rg\u00fctlerin devletler ve BM d\u00fczeylerinde &hellip;<\/p>\n","protected":false},"author":1,"featured_media":41464,"comment_status":"closed","ping_status":"closed","sticky":false,"template":"","format":"standard","meta":{"footnotes":""},"categories":[479,2554,2555,478],"tags":[15977],"class_list":["post-41454","post","type-post","status-publish","format-standard","has-post-thumbnail","","category-haberler-yerel","category-suriye-ve-dunya","category-suriye-ve-turkiye","category-yerel","tag-konferansin-bitiminde-sam-deklarasyonu-deklere-edildi"],"_links":{"self":[{"href":"https:\/\/archive.sana.sy\/tr\/index.php?rest_route=\/wp\/v2\/posts\/41454","targetHints":{"allow":["GET"]}}],"collection":[{"href":"https:\/\/archive.sana.sy\/tr\/index.php?rest_route=\/wp\/v2\/posts"}],"about":[{"href":"https:\/\/archive.sana.sy\/tr\/index.php?rest_route=\/wp\/v2\/types\/post"}],"author":[{"embeddable":true,"href":"https:\/\/archive.sana.sy\/tr\/index.php?rest_route=\/wp\/v2\/users\/1"}],"replies":[{"embeddable":true,"href":"https:\/\/archive.sana.sy\/tr\/index.php?rest_route=%2Fwp%2Fv2%2Fcomments&post=41454"}],"version-history":[{"count":0,"href":"https:\/\/archive.sana.sy\/tr\/index.php?rest_route=\/wp\/v2\/posts\/41454\/revisions"}],"wp:featuredmedia":[{"embeddable":true,"href":"https:\/\/archive.sana.sy\/tr\/index.php?rest_route=\/wp\/v2\/media\/41464"}],"wp:attachment":[{"href":"https:\/\/archive.sana.sy\/tr\/index.php?rest_route=%2Fwp%2Fv2%2Fmedia&parent=41454"}],"wp:term":[{"taxonomy":"category","embeddable":true,"href":"https:\/\/archive.sana.sy\/tr\/index.php?rest_route=%2Fwp%2Fv2%2Fcategories&post=41454"},{"taxonomy":"post_tag","embeddable":true,"href":"https:\/\/archive.sana.sy\/tr\/index.php?rest_route=%2Fwp%2Fv2%2Ftags&post=41454"}],"curies":[{"name":"wp","href":"https:\/\/api.w.org\/{rel}","templated":true}]}}