{"id":4146,"date":"2014-06-29T11:30:17","date_gmt":"2014-06-29T08:30:17","guid":{"rendered":"http:\/\/www.sana.sy\/tr\/?p=4146"},"modified":"2014-06-30T10:36:19","modified_gmt":"2014-06-30T07:36:19","slug":"rusya-suriye-ile-dost-ve-ortak-calismalarini-surdurme-kararliligindadir","status":"publish","type":"post","link":"https:\/\/archive.sana.sy\/tr\/?p=4146","title":{"rendered":"Rusya Suriye ile Dost ve Ortak \u00c7al\u0131\u015fmalar\u0131n\u0131 S\u00fcrd\u00fcrme Kararl\u0131l\u0131\u011f\u0131ndad\u0131r"},"content":{"rendered":"<p>\u015eAM \u2013 Cumhurba\u015fkan\u0131 Be\u015f\u015far el Esad d\u00fcn\u00a0Rusya D\u0131\u015fi\u015fleri Bakan\u0131 Yard\u0131mc\u0131s\u0131 Sergey Ryabkov\u2019u kabul etti.<\/p>\n<p>G\u00f6r\u00fc\u015fmede Ryabkov Rusya y\u00f6netiminin Cumhurba\u015fkan\u0131 el Esad\u2019a cumhurba\u015fkanl\u0131\u011f\u0131 se\u00e7imlerini kazanmas\u0131 m\u00fcnasebetiyle tebriklerini takdim ederken; bu se\u00e7imlerin Suriye halk\u0131n\u0131n el Esad\u2019a tutundu\u011funu ve Suriye&#8217;nin i\u00e7i\u015flerine her t\u00fcrl\u00fc m\u00fcdahaleyi reddetti\u011fini net bir \u015fekilde ortaya koydu\u011funu belirtti. Suriye halk\u0131n\u0131n se\u00e7imler arac\u0131l\u0131\u011f\u0131 ile el Esad\u2019\u0131 ve politikas\u0131n\u0131 destekledi\u011fini vurgulad\u0131\u011f\u0131na dikkat \u00e7eken Ryabkov; b\u00f6lgede istikrar ve g\u00fcvenli\u011fin peki\u015ftirilmesinde Rusya&#8217;n\u0131n Suriye ile dost ve ortak olarak \u00e7al\u0131\u015fma kararl\u0131l\u0131\u011f\u0131n\u0131n alt\u0131n\u0131 \u00e7izdi.<\/p>\n<p>Ryabkov Suriye&#8217;nin kimyasal silahlardan kurtulmak i\u00e7in harcad\u0131\u011f\u0131 b\u00fcy\u00fck \u00e7abalar\u0131 \u00f6verek; Suriye&#8217;nin ter\u00f6rle sava\u015f\u0131 ve zor ko\u015fullar\u0131na ra\u011fmen bu ba\u011flamdaki sorumluluklar\u0131n\u0131 y\u00fcksek bir duyarl\u0131l\u0131kla yerine getirmesinin Suriye devletinin g\u00fcc\u00fcn\u00fc, sorumluluklar\u0131n\u0131 yerine getirme kararl\u0131l\u0131\u011f\u0131 ve d\u00fcr\u00fcstl\u00fc\u011f\u00fcn\u00fc yans\u0131tt\u0131\u011f\u0131na dikkat \u00e7ekti.<\/p>\n<p>Cumhurba\u015fkan\u0131 el Esad Suriye&#8217;nin Rusya Federasyonunun Suriye halk\u0131n\u0131 destekleyen tutumlar\u0131na takdirini ifade etti. Rusya federasyonunun devletlerin egemenlik ve ba\u011f\u0131ms\u0131zl\u0131klar\u0131n\u0131n yan\u0131 s\u0131ra halklar\u0131n kendi geleceklerini kendi elleriyle belirleme haklar\u0131n\u0131 destekleyen politikas\u0131n\u0131n uluslar aras\u0131 platformlardaki rol ve konumunu peki\u015ftirdi\u011fini belirtti.<\/p>\n<p>El Esad Suriye&#8217;nin Rusya ile b\u00f6lge ve d\u00fcnya halklar\u0131n\u0131n \u00e7\u0131karlar\u0131n\u0131 koruma do\u011frultusunda koordinasyon ve i\u015fbirli\u011fini s\u00fcrd\u00fcrme \u00f6zenine vurgu yapt\u0131.<\/p>\n<p>B\u00f6lgede t\u0131rmanan radikallik ve ter\u00f6r tehlikesinin b\u00f6lgesel ve uluslar aras\u0131 g\u00fcvenlik istikrara tehdidine i\u015faret eden el Esad; bu tehlikeye kar\u015f\u0131 koyman\u0131n ciddi olan t\u00fcm devletlerin m\u00fcmk\u00fcn olan t\u00fcm olanaklarla kar\u015f\u0131 koyma \u00e7abalar\u0131n\u0131 yo\u011funla\u015ft\u0131rma ve birle\u015ftirmeyi gerektirdi\u011fine dikkat \u00e7ekti.<\/p>\n<p>G\u00f6r\u00fc\u015fmeye Ba\u015fbakan Yard\u0131mc\u0131s\u0131 D\u0131\u015fi\u015fleri ve Gurbet\u00e7iler Bakan\u0131 Velid el Muallim, Cumhurba\u015fkanl\u0131\u011f\u0131 siyasi ve Bas\u0131n Dan\u0131\u015fman\u0131 B\u00fcseyna \u015eaban, D\u0131\u015fi\u015fleri ve Gurbet\u00e7iler Bakan\u0131 Yard\u0131mc\u0131s\u0131 Faysal Mikdat, D\u0131\u015fi\u015fleri ve Gurbet\u00e7iler Bakan\u0131 Asistan\u0131 H\u00fcsamettin Ala ve Rusya&#8217;n\u0131n Ortado\u011fu Departman M\u00fcd\u00fcr\u00fc Sergey Vershinin ve Rusya&#8217;n\u0131n \u015eam B\u00fcy\u00fckel\u00e7ili\u011findeki maslahatg\u00fczar\u0131 kat\u0131ld\u0131lar.<\/p>\n<p><a href=\"http:\/\/www.sana.sy\/tr\/wp-content\/uploads\/2014\/06\/Esad-21.jpg\"><img loading=\"lazy\" decoding=\"async\" class=\"aligncenter wp-image-4149 size-full\" src=\"http:\/\/www.sana.sy\/tr\/wp-content\/uploads\/2014\/06\/Esad-21.jpg\" alt=\"Esad 2\" width=\"620\" height=\"330\" srcset=\"https:\/\/archive.sana.sy\/tr\/wp-content\/uploads\/2014\/06\/Esad-21.jpg 620w, https:\/\/archive.sana.sy\/tr\/wp-content\/uploads\/2014\/06\/Esad-21-150x79.jpg 150w, https:\/\/archive.sana.sy\/tr\/wp-content\/uploads\/2014\/06\/Esad-21-300x160.jpg 300w\" sizes=\"auto, (max-width: 620px) 100vw, 620px\" \/><\/a><\/p>\n<p>&nbsp;<\/p>\n","protected":false},"excerpt":{"rendered":"<p>\u015eAM \u2013 Cumhurba\u015fkan\u0131 Be\u015f\u015far el Esad d\u00fcn\u00a0Rusya D\u0131\u015fi\u015fleri Bakan\u0131 Yard\u0131mc\u0131s\u0131 Sergey Ryabkov\u2019u kabul etti. G\u00f6r\u00fc\u015fmede Ryabkov Rusya y\u00f6netiminin Cumhurba\u015fkan\u0131 el Esad\u2019a cumhurba\u015fkanl\u0131\u011f\u0131 se\u00e7imlerini kazanmas\u0131 m\u00fcnasebetiyle tebriklerini takdim ederken; bu se\u00e7imlerin Suriye halk\u0131n\u0131n el Esad\u2019a tutundu\u011funu ve Suriye&#8217;nin i\u00e7i\u015flerine her t\u00fcrl\u00fc m\u00fcdahaleyi reddetti\u011fini net bir \u015fekilde ortaya koydu\u011funu belirtti. Suriye halk\u0131n\u0131n se\u00e7imler arac\u0131l\u0131\u011f\u0131 ile el Esad\u2019\u0131 &hellip;<\/p>\n","protected":false},"author":1,"featured_media":4147,"comment_status":"closed","ping_status":"closed","sticky":false,"template":"","format":"standard","meta":{"footnotes":""},"categories":[608,479,447,605,478],"tags":[899],"class_list":["post-4146","post","type-post","status-publish","format-standard","has-post-thumbnail","","category-etkinlikler","category-haberler-yerel","category-politika","category-sayin-cumhurbaskani","category-yerel","tag-rusya-suriye-ile-dost-ve-ortak-calismalarini-surdurme-kararliligindadir"],"_links":{"self":[{"href":"https:\/\/archive.sana.sy\/tr\/index.php?rest_route=\/wp\/v2\/posts\/4146","targetHints":{"allow":["GET"]}}],"collection":[{"href":"https:\/\/archive.sana.sy\/tr\/index.php?rest_route=\/wp\/v2\/posts"}],"about":[{"href":"https:\/\/archive.sana.sy\/tr\/index.php?rest_route=\/wp\/v2\/types\/post"}],"author":[{"embeddable":true,"href":"https:\/\/archive.sana.sy\/tr\/index.php?rest_route=\/wp\/v2\/users\/1"}],"replies":[{"embeddable":true,"href":"https:\/\/archive.sana.sy\/tr\/index.php?rest_route=%2Fwp%2Fv2%2Fcomments&post=4146"}],"version-history":[{"count":0,"href":"https:\/\/archive.sana.sy\/tr\/index.php?rest_route=\/wp\/v2\/posts\/4146\/revisions"}],"wp:featuredmedia":[{"embeddable":true,"href":"https:\/\/archive.sana.sy\/tr\/index.php?rest_route=\/wp\/v2\/media\/4147"}],"wp:attachment":[{"href":"https:\/\/archive.sana.sy\/tr\/index.php?rest_route=%2Fwp%2Fv2%2Fmedia&parent=4146"}],"wp:term":[{"taxonomy":"category","embeddable":true,"href":"https:\/\/archive.sana.sy\/tr\/index.php?rest_route=%2Fwp%2Fv2%2Fcategories&post=4146"},{"taxonomy":"post_tag","embeddable":true,"href":"https:\/\/archive.sana.sy\/tr\/index.php?rest_route=%2Fwp%2Fv2%2Ftags&post=4146"}],"curies":[{"name":"wp","href":"https:\/\/api.w.org\/{rel}","templated":true}]}}