{"id":41473,"date":"2015-07-25T18:15:26","date_gmt":"2015-07-25T15:15:26","guid":{"rendered":"http:\/\/www.sana.sy\/tr\/?p=41473"},"modified":"2015-07-25T17:39:55","modified_gmt":"2015-07-25T14:39:55","slug":"dera-kirsalinin-sayda-bolgesinde-ordu-birliklerimiz-sayda-koprusu-altinda-teroristlerin-sivilleri-hedef-almada-kullandiklari-bir-fuze-bataryasini-terorist-ekibiyle-birlikte-imha-etti","status":"publish","type":"post","link":"https:\/\/archive.sana.sy\/tr\/?p=41473","title":{"rendered":"Dera k\u0131rsal\u0131n\u0131n Sayda b\u00f6lgesinde ordu birliklerimiz Sayda K\u00f6pr\u00fcs\u00fc alt\u0131nda ter\u00f6ristlerin sivilleri hedef almada kulland\u0131klar\u0131 bir f\u00fcze bataryas\u0131n\u0131 ter\u00f6rist ekibiyle birlikte imha etti"},"content":{"rendered":"<p>Dera k\u0131rsal\u0131n\u0131n Sayda b\u00f6lgesinde ordu birliklerimiz Sayda K\u00f6pr\u00fcs\u00fc alt\u0131nda ter\u00f6ristlerin sivilleri hedef almada kulland\u0131klar\u0131 bir f\u00fcze bataryas\u0131n\u0131 ter\u00f6rist ekibiyle birlikte imha etti<\/p>\n","protected":false},"excerpt":{"rendered":"<p>Dera k\u0131rsal\u0131n\u0131n Sayda b\u00f6lgesinde ordu birliklerimiz Sayda K\u00f6pr\u00fcs\u00fc alt\u0131nda ter\u00f6ristlerin sivilleri hedef almada kulland\u0131klar\u0131 bir f\u00fcze bataryas\u0131n\u0131 ter\u00f6rist ekibiyle birlikte imha etti<\/p>\n","protected":false},"author":1,"featured_media":0,"comment_status":"closed","ping_status":"closed","sticky":false,"template":"","format":"standard","meta":{"footnotes":""},"categories":[1],"tags":[],"class_list":["post-41473","post","type-post","status-publish","format-standard","","category-news-not-sorted"],"_links":{"self":[{"href":"https:\/\/archive.sana.sy\/tr\/index.php?rest_route=\/wp\/v2\/posts\/41473","targetHints":{"allow":["GET"]}}],"collection":[{"href":"https:\/\/archive.sana.sy\/tr\/index.php?rest_route=\/wp\/v2\/posts"}],"about":[{"href":"https:\/\/archive.sana.sy\/tr\/index.php?rest_route=\/wp\/v2\/types\/post"}],"author":[{"embeddable":true,"href":"https:\/\/archive.sana.sy\/tr\/index.php?rest_route=\/wp\/v2\/users\/1"}],"replies":[{"embeddable":true,"href":"https:\/\/archive.sana.sy\/tr\/index.php?rest_route=%2Fwp%2Fv2%2Fcomments&post=41473"}],"version-history":[{"count":0,"href":"https:\/\/archive.sana.sy\/tr\/index.php?rest_route=\/wp\/v2\/posts\/41473\/revisions"}],"wp:attachment":[{"href":"https:\/\/archive.sana.sy\/tr\/index.php?rest_route=%2Fwp%2Fv2%2Fmedia&parent=41473"}],"wp:term":[{"taxonomy":"category","embeddable":true,"href":"https:\/\/archive.sana.sy\/tr\/index.php?rest_route=%2Fwp%2Fv2%2Fcategories&post=41473"},{"taxonomy":"post_tag","embeddable":true,"href":"https:\/\/archive.sana.sy\/tr\/index.php?rest_route=%2Fwp%2Fv2%2Ftags&post=41473"}],"curies":[{"name":"wp","href":"https:\/\/api.w.org\/{rel}","templated":true}]}}