{"id":41487,"date":"2015-07-26T16:45:30","date_gmt":"2015-07-26T13:45:30","guid":{"rendered":"http:\/\/www.sana.sy\/tr\/?p=41487"},"modified":"2015-07-27T16:10:11","modified_gmt":"2015-07-27T13:10:11","slug":"el-esad-bugun-halka-seslenecek","status":"publish","type":"post","link":"https:\/\/archive.sana.sy\/tr\/?p=41487","title":{"rendered":"Kendilerini Hedef Ald\u0131\u011f\u0131nda Ter\u00f6r, Bizi Hedef Ald\u0131\u011f\u0131nda ise Devrim ve Demokrasidir"},"content":{"rendered":"<p>\u015eAM \u2013 Cumhurba\u015fkan\u0131 Be\u015f\u015far el Esad sivil toplum kurumlar\u0131, halk \u00f6rg\u00fctleri ve mesleki sendikalar\u0131n yan\u0131 s\u0131ra sanayi, ticaret, tar\u0131m ve turizm odalar\u0131 ba\u015fkan ve \u00fcyeleriyle bug\u00fcn bir araya geldi.<\/p>\n<p>Bulu\u015fmada yapt\u0131\u011f\u0131 konu\u015fmada el Esad Bat\u0131l\u0131lar\u0131n ter\u00f6rle team\u00fcllerinin hala nifakla dolu oldu\u011funu belirtti. El Esad kendilerini hedef ald\u0131\u011f\u0131nda ter\u00f6r olarak adland\u0131r\u0131rlarken, ba\u015fkalar\u0131n\u0131 hedef ald\u0131\u011f\u0131nda ise devrim, \u00f6zg\u00fcrl\u00fck, insan haklar\u0131 ve daha benzeri \u015fekillerde ifade etti.<\/p>\n<p><span style=\"color: #0000ff\">Kulland\u0131klar\u0131 Sahte Terimler De\u015fifre Edildi<\/span><\/p>\n<p>Suriye&#8217;deki durumlar\u0131n karma\u015f\u0131kl\u0131\u011f\u0131na ra\u011fmen kimi beyinlerdeki bulan\u0131kl\u0131\u011f\u0131n yok oldu\u011funu ve her \u015feyin netle\u015fti\u011fine dikkat \u00e7eken el Esad; bir\u00e7o\u011funun maskesinin d\u00fc\u015ft\u00fc\u011f\u00fcn\u00fc s\u00f6yledi. El Esad sahte terimlerin de\u015fifre edildi\u011fini, d\u00fcnya kamuoyunun inanmas\u0131n\u0131 istedikleri yalanlar\u0131n\u0131n da \u00e7\u00f6kertildi\u011fini s\u00f6zlerine ekledi.<\/p>\n<p>Cumhurba\u015fkan\u0131 el Esad ter\u00f6r\u00fcn hasta bir ideoloji ve sapm\u0131\u015f bir inan\u00e7 oldu\u011funu s\u00f6ylerken; gericilik, yobazl\u0131k ve cahillik temellerine dayal\u0131 ortamlarda t\u00fcreyip b\u00fcy\u00fcd\u00fc\u011f\u00fcn\u00fc belirtti. Ayn\u0131 zamanda halklar\u0131n a\u015fa\u011f\u0131lanmas\u0131 ve haklar\u0131n\u0131n gasp edilmesinde edat olarak kullan\u0131ld\u0131\u011f\u0131n\u0131 ifade eden el Esad; t\u00fcm bu fakt\u00f6rlerin temelinin s\u00f6m\u00fcr\u00fcc\u00fcler ve hegemonyac\u0131lar taraf\u0131ndan at\u0131ld\u0131\u011f\u0131 ve g\u00fc\u00e7lendirildi\u011finin herkes taraf\u0131ndan bilindi\u011fine i\u015faret etti.<\/p>\n<p><span style=\"color: #0000ff\">Ter\u00f6r\u00fcn Tohumlar\u0131n\u0131 Yayanlar Nas\u0131l Ter\u00f6rle M\u00fccadele Edecekler<\/span><\/p>\n<p>Ter\u00f6r tohumlar\u0131 yayanlar\u0131n nas\u0131l ter\u00f6rle m\u00fccadele edecekleri sorusuna dikkat \u00e7eken el Esad; ter\u00f6rle ger\u00e7ekten m\u00fccadele etmek isteyenlerin realite ve mant\u0131kla hareket etmesi gerekti\u011finin alt\u0131n\u0131 \u00e7izdi. El Esad ter\u00f6rle m\u00fccadele edecek olanlar\u0131n adaletle birlikte halklar\u0131n iradelerine ve kendi geleceklerini kendi elleriyle belirleme haklar\u0131na sayg\u0131 g\u00f6stermeleri gerekti\u011fini vurgulad\u0131. Ter\u00f6rle m\u00fccadelenin halklar\u0131n gasp edilen haklar\u0131n\u0131 geri almalar\u0131na yard\u0131mc\u0131 olmalar\u0131 da gerekti\u011fini belirten el Esad; bilgi ve marifetin yay\u0131lmas\u0131na, cehalet ve yobazl\u0131kla m\u00fccadele edilmesi, ekonominin kalk\u0131nd\u0131r\u0131lmas\u0131, toplumun bilin\u00e7lendirilip geli\u015ftirilmesine izin vermeleri gerekti\u011finin de alt\u0131n\u0131 \u00e7izdi.<\/p>\n<p>S\u00f6zlerine devam eden el Esad Bat\u0131l\u0131lar\u0131n \u00e7ifte standartl\u0131 tutumlar izledikleri s\u00fcrece tutumlar\u0131ndaki de\u011fi\u015fimlere bel ba\u011flaman\u0131n m\u00fcmk\u00fcn olmad\u0131\u011f\u0131n\u0131 s\u00f6yledi. Suriye&#8217;nin ilk g\u00fcnden beri tan\u0131k oldu\u011fu meselelerin \u00e7\u00f6z\u00fcm\u00fcnde sadece ve sadece kendi olanaklar\u0131 ve g\u00fcc\u00fcne dayand\u0131\u011f\u0131n\u0131 belirten el Esad, Suriye halk\u0131n\u0131n ger\u00e7ek dostlar\u0131ndan da iyilik umut etti\u011fini s\u00f6zlerine ekledi.<\/p>\n<p>Suriye ve \u00c7in\u2019in G\u00fcvenlik Konseyinin halklar\u0131n \u00f6c\u00fcs\u00fc olarak kullan\u0131lmas\u0131n\u0131 engellediklerini belirten el Esad; kimi taraflar\u0131n G\u00fcvenlik Konseyini ba\u015fka devletlere sald\u0131r\u0131 ve tehdit platformuna d\u00f6n\u00fc\u015ft\u00fcrmeye \u00e7al\u0131\u015ft\u0131klar\u0131n\u0131 ifade etti.<\/p>\n<p><span style=\"color: #0000ff\">Sava\u015fa Son Vermek Temel \u00d6nceliktir<\/span><\/p>\n<p>Suriye&#8217;nin her daim olumlu giri\u015fimleri de\u011ferlendirmeye \u00e7al\u0131\u015ft\u0131\u011f\u0131n\u0131\u00a0belirten el Esad; Suriyelilerin kanlar\u0131n\u0131n kesinlikle ve mutlak bir \u015fekilde her \u015feyin \u00fcst\u00fcnde oldu\u011funun alt\u0131n\u0131 \u00e7izdi. El Esad Suriye&#8217;de sava\u015fa son vermenin de temel \u00f6ncelik oldu\u011funu vurgulad\u0131.<\/p>\n<p>\u0130ran\u2019\u0131n Suriye ve halk\u0131na verdi\u011fi deste\u011fe i\u015faret eden el Esad; \u0130ran\u2019\u0131n Suriye&#8217;ye y\u00f6nelik sava\u015f\u0131 devletin, h\u00fck\u00fcmetin yada cumhurba\u015fkan\u0131n\u0131n sava\u015f\u0131 de\u011fil de b\u00fct\u00fcnsel olarak bir eksenin sava\u015f\u0131 olarak g\u00f6r\u00fcp bu idrakinden hareketle destek verdi\u011fini s\u00f6yledi. El Esad; bu eksenin b\u00fct\u00fcnsel olarak egemenlik, onur, halklar\u0131n \u00e7\u0131karlar\u0131 ve vatanlar\u0131n istikrar\u0131n\u0131 temsil etti\u011fini belirtti.<\/p>\n<p><span style=\"color: #0000ff\">\u0130stedikleri Yegane \u015eey Vatan\u0131 Kendilerine ve Efendilerine Teslim Etmek<\/span><\/p>\n<p><a href=\"http:\/\/www.sana.sy\/tr\/wp-content\/uploads\/2015\/07\/333.jpg\"><img loading=\"lazy\" decoding=\"async\" class=\"alignright wp-image-41583 size-medium\" src=\"http:\/\/www.sana.sy\/tr\/wp-content\/uploads\/2015\/07\/333-300x199.jpg\" alt=\"333\" width=\"300\" height=\"199\" srcset=\"https:\/\/archive.sana.sy\/tr\/wp-content\/uploads\/2015\/07\/333-300x199.jpg 300w, https:\/\/archive.sana.sy\/tr\/wp-content\/uploads\/2015\/07\/333-150x100.jpg 150w, https:\/\/archive.sana.sy\/tr\/wp-content\/uploads\/2015\/07\/333.jpg 960w\" sizes=\"auto, (max-width: 300px) 100vw, 300px\" \/><\/a>Suriye&#8217;yi devlet ve halk olarak hedef alanlar\u0131n kabul ettikleri yegane giri\u015fimin vatan\u0131 kendilerine ve efendilerine takdim etmekten ibaret oldu\u011funa dikkat \u00e7eken el Esad; bunu da elde etmediklerini ve edemeyeceklerini ifade etti.<\/p>\n<p>Cumhurba\u015fkan\u0131 el Esad Suriye halk\u0131n\u0131n y\u0131llar s\u00fcren var olma sava\u015f\u0131nda hala kahramanca m\u00fccadele etti\u011fini ve sahip oldu\u011fu her \u015feyi vatan\u0131 u\u011fruna feda etti\u011fini ifade etti. El Esad; \u201cSuriye halk\u0131 kendisi ve vatan\u0131n\u0131n \u00a0onuru ve egemenli\u011finden \u00f6d\u00fcn verecek olsayd\u0131, t\u00fcm bu fedakarl\u0131klar\u0131n\u0131 vermek i\u00e7in beklemez, ilk ba\u015fta \u00f6d\u00fcn verir ve bu fedakarl\u0131klarda bulunmazd\u0131..\u201d dedi.<\/p>\n<p><span style=\"color: #0000ff\">Ter\u00f6rle M\u00fccadeleye Odaklanmayacak Hi\u00e7 Bir Giri\u015fim Etkin De\u011fildir<\/span><\/p>\n<p>Cevherinde ter\u00f6rle m\u00fccadeleye odaklanmayacak hi\u00e7bir siyasi \u00f6nerinin kesinlikle hi\u00e7bir faydas\u0131 olmayaca\u011f\u0131n\u0131 belirten el Esad; b\u00f6yle bir \u00f6nerinin pratikte etkisi olmayaca\u011f\u0131n\u0131 s\u00f6yledi.<\/p>\n<p>Cumhurba\u015fkan\u0131 el Esad ter\u00f6r\u00fc destekleyen devletlerin son s\u00fcre\u00e7 i\u00e7inde bu desteklerini yo\u011funla\u015ft\u0131rd\u0131\u011f\u0131n\u0131, hatta bir k\u0131s\u0131m b\u00f6lgelerde onlara destek olarak direk m\u00fcdahalelerde bulunduklar\u0131n\u0131 belirtti.<\/p>\n<p><span style=\"color: #000000;line-height: 1.5\">L\u00fcbnan ulusal direni\u015f g\u00fc\u00e7lerindeki karde\u015flerimizin Suriye ordusundaki karde\u015fleriyle kanlar\u0131n\u0131 birle\u015ftirdiklerini belirten el Esad; ordunun sa\u011flad\u0131\u011f\u0131 ba\u015far\u0131larda etkin ve nitelikli bir rol oynad\u0131klar\u0131n\u0131 s\u00f6yledi. S\u00f6zlerine devam eden el Esad; her \u015feye ra\u011fmen hi\u00e7bir dostun yada karde\u015fin veya Suriyeli olmayan hi\u00e7 kimsenin Suriye&#8217;ye gelip vatan\u0131 savunmas\u0131n\u0131n m\u00fcmk\u00fcn olmad\u0131\u011f\u0131n\u0131 ifade etti.<\/span><\/p>\n<p><span style=\"color: #0000ff\">Vatan\u0131n Her Kar\u015f\u0131\u015f Topra\u011f\u0131 E\u015fittir, Bir Zerresinden \u00d6d\u00fcn Vermek S\u00f6z Konusu Olamaz<\/span><\/p>\n<p>Suriye&#8217;nin her kar\u0131\u015f topra\u011f\u0131n\u0131n paha bi\u00e7ilmez de\u011ferde oldu\u011funu belirten el Esad; Suriye&#8217;nin her b\u00f6lgesinin ve her co\u011frafyas\u0131n\u0131n di\u011fer t\u00fcm b\u00f6lgeler ve co\u011frafya ile e\u015f de\u011fer ve \u00f6nemde oldu\u011funun \u00f6nemle alt\u0131n\u0131 \u00e7izdi.<\/p>\n<p>S\u00f6zlerine devam eden el Esad yurtd\u0131\u015f\u0131nda \u00fcretilen ve yurtd\u0131\u015f\u0131ndan direktif alan yurtd\u0131\u015f\u0131 muhalefetle yurti\u00e7i muhalefet aras\u0131nda b\u00fcy\u00fck bir fark\u0131n bulundu\u011funu vurgulad\u0131. El Esad yurti\u00e7i muhalefetin krizden \u00e7\u0131kma ve vatan\u0131 g\u00fc\u00e7lendirme \u00e7abalar\u0131nda ortak hareket etti\u011fini belirtti.<\/p>\n<p><span style=\"color: #0000ff\">Yurti\u00e7i ve Yurtd\u0131\u015f\u0131nda D\u0131\u015fardan Direktif Alanlar Aras\u0131nda Fark Yoktur<\/span><\/p>\n<p>Yurtd\u0131\u015f\u0131 muhalefet olarak adland\u0131r\u0131lan olu\u015fumlar\u0131n ba\u015fkalar\u0131n\u0131n direktiflerinde hareket eden kiral\u0131klardan olu\u015ftu\u011funa dikkat \u00e7eken el Esad; bu muhalefetin sadece vatan topraklar\u0131 d\u0131\u015f\u0131nda oldu\u011fu anlam\u0131na gelmedi\u011fini, yurti\u00e7inde olup da yurtd\u0131\u015f\u0131ndan direktif alanlar\u0131 da kapsad\u0131\u011f\u0131n\u0131n alt\u0131n\u0131 \u00e7izdi.<\/p>\n<p>Suriye ve halk\u0131n\u0131 hedef alan devletlerin eli kanl\u0131 katil ter\u00f6ristleri \u201cdevrimci, \u00f6zg\u00fcrl\u00fck talep\u00e7isi, insan haklar\u0131, demokrasi, muhalefet\u201d yada benzeri isimlerle adland\u0131rmalar\u0131n\u0131 ele\u015ftiren el Esad; onlar\u0131n kendi \u00fclkelerinde muhalefetin silah ta\u015f\u0131mas\u0131n\u0131 kabul edip etmeyecekleri sorusuna vurgu yapt\u0131.<\/p>\n<p><span style=\"color: #0000ff\">Bazen &#8216;Mahalifler&#8217; Bazen de Ter\u00f6ristler Arac\u0131l\u0131\u011f\u0131 \u0130le T\u0131rmand\u0131r\u0131yorlar<\/span><\/p>\n<p>T\u00fcm bu ya\u015fananlar\u0131 organize ve komuta eden efendilerin bulundu\u011funu belirten el Esad; bu efendilerin hem yurtd\u0131\u015f\u0131nda \u2018Suriye muhalefeti\u2019 olarak adland\u0131rd\u0131klar\u0131 taraflara, hem de yurti\u00e7indeki ter\u00f6r gruplara komuta ettiklerini, gerekli siyasi, mali ve medya desteklerini sa\u011flad\u0131klar\u0131n\u0131 vurgulad\u0131. El Esad ayn\u0131 efendilerin g\u00fcn geldi ter\u00f6r gruplar\u0131na desteklerini artt\u0131r\u0131p eylemlerini daha \u00e7ok t\u0131rmand\u0131rmalar\u0131 ve daha vah\u015fi eylemlerde d\u00fczenlemeleri direktifleri verdiklerini, g\u00fcn geldi de Suriye y\u00f6netimine daha fazla bask\u0131 uygulamak i\u00e7in \u2018muhalefet\u2019 dedikleri olu\u015fumlara t\u0131rmand\u0131rma direktifleri verdiklerini s\u00f6yledi.<\/p>\n<p><span style=\"color: #0000ff\">Devletin Bulundu\u011fu Giri\u015fimler Pratikte G\u00f6r\u00fclmektedir<\/span><\/p>\n<p>El Esad devletin bulundu\u011fu giri\u015fimlerin bas\u0131n makalelerinden ibaret olmad\u0131\u011f\u0131n\u0131, bu giri\u015fimlerin pratikte ger\u00e7ek durumlardan ibaret oldu\u011funun alt\u0131n\u0131 \u00e7izdi. Her \u015feye ra\u011fmen devletin yapt\u0131klar\u0131n\u0131n d\u0131\u015f g\u00fc\u00e7lerin komutas\u0131nda olan ve \u2018muhalif\u2019 olarak adland\u0131r\u0131lanlar\u0131n be\u011fenisini kazanmayaca\u011f\u0131n\u0131, \u00e7\u00fcnk\u00fc onlar\u0131n ama\u00e7lar\u0131n\u0131n iddia ettikleri gibi siyasi, sosyal yada ekonomik reformlar olmad\u0131\u011f\u0131n\u0131n alt\u0131n\u0131 \u00e7izdi.<\/p>\n<p><span style=\"color: #0000ff\">Operasyonlarda \u00d6ncelik Stratejik \u00d6nem Do\u011frultusundad\u0131r<\/span><\/p>\n<p>Ordu operasyonlar\u0131 konusunda ise el Esad; operasyon ve \u00e7at\u0131\u015fmalar\u0131n saha geli\u015fmeleri ve komutanlar\u0131n\u0131n \u00f6ncelikleri h\u00fckm\u00fcnde oldu\u011funu belirtti. El Esad stratejik \u00f6nem \u00f6nceli\u011finde \u00e7at\u0131\u015fmalar\u0131n bir k\u0131s\u0131m b\u00f6lgelerde odakland\u0131\u011f\u0131n\u0131 yada yo\u011funla\u015ft\u0131\u011f\u0131n\u0131 s\u00f6yledi.<\/p>\n<p>Bir k\u0131s\u0131m b\u00f6lgelerde ahalinin ter\u00f6ristlere kar\u015f\u0131 ordu saflar\u0131nda silah ta\u015f\u0131d\u0131klar\u0131n\u0131 belirten el Esad; bu b\u00f6lgelerde ter\u00f6ristlerin daha k\u0131sa bir s\u00fcre i\u00e7inde ve daha az kay\u0131plarla ter\u00f6ristlerden temizlendi\u011fine dikkat \u00e7ekti. El Esad Suriye&#8217;de sava\u015f\u0131n sadece silahl\u0131 kuvvetlerin sava\u015f\u0131 olmad\u0131\u011f\u0131n\u0131, t\u00fcm vatan ve evlatlar\u0131n\u0131n sava\u015f\u0131 oldu\u011funu vurgulad\u0131.<\/p>\n<p><span style=\"color: #0000ff\">Vatan Onu Savunan Evlatlar\u0131n\u0131n Vatan\u0131d\u0131r<\/span><\/p>\n<p>S\u00f6zlerine devam eden el Esad silahl\u0131 kuvvetlerimizin ku\u015fkusuz vatan\u0131 koruma g\u00fcc\u00fcne sahip oldu\u011funu, bu ba\u011flamda b\u00fcy\u00fck ba\u015far\u0131lar kaydetti\u011fini ve dengeye ili\u015fkin bir dizi kriteri de\u011fi\u015ftirdi\u011fini ifade etti.<\/p>\n<p>El Esad vatan\u0131n; topraklar\u0131 \u00fczerinde ikame eden, uyru\u011funu ta\u015f\u0131yan yada pasaportuna sahip olan\u0131n de\u011fil, aksine onu savunan ve koruyan\u0131n vatan\u0131 oldu\u011funa dikkat \u00e7ekti.<\/p>\n<p><span style=\"color: #0000ff\">Askeri Sava\u015fa E\u015f Zamanl\u0131 Olarak Medya ve Psikolojik Sava\u015f Var<\/span><\/p>\n<p>Suriye ve halk\u0131n\u0131n askeri sava\u015fa e\u015f zamanl\u0131 olarak medyatik ve psikolojik h\u0131r\u00e7\u0131n bir sava\u015f y\u00fcr\u00fctt\u00fcklerini belirten el Esad; bu sava\u015fta \u2018Suriye&#8217;nin muhalif ve yanda\u015flar aras\u0131nda co\u011frafi olarak b\u00f6l\u00fcnm\u00fc\u015f, dini ve etnik ak\u0131mlar aras\u0131nda da\u011f\u0131t\u0131lm\u0131\u015f bir yer olarak\u2019 tan\u0131t\u0131lmas\u0131 ve bu d\u00fc\u015f\u00fcnceyi yurti\u00e7i ve yurtd\u0131\u015f\u0131nda peki\u015ftirmenin hedeflendi\u011fini belirtti.<\/p>\n<p><span style=\"color: #0000ff\">Ter\u00f6ristlerin &#8216;Kurtar\u0131lm\u0131\u015f&#8217; B\u00f6lgeler Dedikleri B\u00f6lgelere S\u0131\u011f\u0131nan Hi\u00e7 Bir \u0130nsan Olmad\u0131<\/span><\/p>\n<p>Suriye&#8217;ye y\u00f6nelik sava\u015f\u0131n ba\u015f\u0131ndan beri ter\u00f6r \u00f6rg\u00fctleri ve destek\u00e7ilerinin ele ge\u00e7irdikleri b\u00f6lgeleri kendi de\u011fimleriyle \u2018rejimden kurtar\u0131lm\u0131\u015f b\u00f6lgeler\u2019 olarak lanse etmeye \u00e7al\u0131\u015ft\u0131klar\u0131na dikkat \u00e7eken el Esad, kulland\u0131klar\u0131 terimler ve bu terimlerin arkas\u0131nda kimlerin oldu\u011funu, neyin kastedildi\u011fine \u0131\u015f\u0131k tuttu.<\/p>\n<p>S\u00f6zlerine devam eden el Esad; her \u015feye ra\u011fmen sava\u015f s\u00fcresi boyunca hi\u00e7bir vatanda\u015f\u0131n ter\u00f6ristlerin \u2018kurtar\u0131lm\u0131\u015f b\u00f6lge\u2019 olarak adland\u0131rd\u0131klar\u0131 bu b\u00f6lgelere ka\u00e7t\u0131\u011f\u0131 yada s\u0131\u011f\u0131nd\u0131\u011f\u0131n\u0131n kesinlikle duyulmad\u0131\u011f\u0131n\u0131n alt\u0131n\u0131 \u00e7izdi. El Esad ayn\u0131 zamanda ter\u00f6ristlerin bulunduklar\u0131 b\u00f6lgelerde dini yada etnik \u00e7e\u015fitli\u011fin de duyulmad\u0131\u011f\u0131na vurgu yaparken, b\u00f6lgelerinde muhtelif kesimler ve bile\u015fenler aras\u0131nda bir b\u00fct\u00fcnle\u015fmenin de oldu\u011funa rastlanmad\u0131\u011f\u0131n\u0131n alt\u0131n\u0131 \u00e7izdi.<\/p>\n<p>Mevcut bile\u015fenlerin sadece bile\u015fenlerden ibaret oldu\u011funun g\u00f6r\u00fcld\u00fc\u011f\u00fcne i\u015faret eden el Esad; ter\u00f6ristlerin t\u00fcm cinsiyetleri ve etnikleriyle bir tarafta, Suriyelilerin de ba\u015fka bir tarafta oldu\u011funun ger\u00e7ek bir durum oldu\u011funu ifade etti. El Esad dolay\u0131s\u0131yla Suriye&#8217;de dini, mezhepsel yada etnik b\u00f6l\u00fcnmelere ili\u015fkin t\u00fcm s\u00f6ylemlerin as\u0131ls\u0131zl\u0131\u011f\u0131 ve mant\u0131ks\u0131zl\u0131\u011f\u0131n\u0131n da ortada oldu\u011funu belirtti.<\/p>\n<p><span style=\"color: #0000ff\">De\u011ferlendirme Askeri De\u011fil Halksal Olmal\u0131d\u0131r<\/span><\/p>\n<p><img loading=\"lazy\" decoding=\"async\" class=\"alignright wp-image-41582 size-medium\" src=\"http:\/\/www.sana.sy\/tr\/wp-content\/uploads\/2015\/07\/2221-300x199.jpg\" alt=\"222\" width=\"300\" height=\"199\" srcset=\"https:\/\/archive.sana.sy\/tr\/wp-content\/uploads\/2015\/07\/2221-300x199.jpg 300w, https:\/\/archive.sana.sy\/tr\/wp-content\/uploads\/2015\/07\/2221-150x100.jpg 150w, https:\/\/archive.sana.sy\/tr\/wp-content\/uploads\/2015\/07\/2221.jpg 960w\" sizes=\"auto, (max-width: 300px) 100vw, 300px\" \/>Suriye&#8217;de do\u011fru ve mant\u0131kl\u0131 bir \u015fekilde durum de\u011ferlendirmesi yapmak isteyenlerin askeri ve co\u011frafi olarak de\u011ferlendirmesinden \u00f6nce halksal ve n\u00fcfussal olarak de\u011ferlendirmesi gerekti\u011finin alt\u0131n\u0131 \u00e7izen el Esad; bunun da y\u00fczeysel de\u011fil, derinsel olarak yap\u0131lmas\u0131 gerekti\u011fini ifade etti. El Esad b\u00f6ylece her hangi bir Suriyelinin pay\u0131n\u0131n Suriye&#8217;nin tamam\u0131 oldu\u011funu idrak edece\u011fini, Suriye&#8217;nin birlik beraberli\u011fini, renkleriyle zengin oldu\u011funu ve muhtelif bile\u015fenleriyle gurur duydu\u011funu g\u00f6rece\u011fini s\u00f6yledi.<\/p>\n<p>S\u00f6zlerine devam eden el Esad askeri ve siyasi durumlar\u0131n ku\u015fkusuz olarak ekonomik durumlar\u0131 direk etkiledi\u011fine dikkat \u00e7ekerken; ya\u015fad\u0131\u011f\u0131m\u0131z g\u00fcvenlik endi\u015felerine e\u015f zamanl\u0131 olarak ya\u015famsal ihtiya\u00e7 endi\u015felerimizin de mevcut oldu\u011funu s\u00f6yledi.<\/p>\n<p><span style=\"color: #0000ff\">B\u00f6l\u00fcnme Askeri Yada Co\u011frafi Olamaz<\/span><\/p>\n<p>B\u00f6l\u00fcnmenin co\u011frafi temellerde olmas\u0131n\u0131n m\u00fcmk\u00fcn olmad\u0131\u011f\u0131n\u0131 belirten el Esad; ancak ve ancak halk\u0131n bunu kabul etmesi ve u\u011fruna \u00e7aba harcamas\u0131yla m\u00fcmk\u00fcn olabilece\u011fini s\u00f6yledi. El Esad Suriye halk\u0131n\u0131n hi\u00e7bir bile\u015fenin de vatan\u0131n b\u00f6l\u00fcnmesini istemediklerini vurgulad\u0131.<\/p>\n<p>Kimilerinin b\u00f6l\u00fcnmeden s\u00f6z ettikleri b\u00f6lgelerde halk\u0131n ter\u00f6ristlere kar\u015f\u0131 orduyu daha \u00e7ok desteklediklerini ifade eden el Esad; kimi b\u00f6lgelerin ter\u00f6ristlerin eline ge\u00e7se de geri al\u0131nd\u0131\u011f\u0131n\u0131, al\u0131nmayan b\u00f6lgelerin de al\u0131naca\u011f\u0131n\u0131 ifade etti. El Esad sava\u015f s\u00fcresi boyunca baz\u0131 b\u00f6lgelerin d\u00fc\u015fmesinin nihai bir durum olmad\u0131\u011f\u0131na vurgu yapt\u0131.<\/p>\n<p><span style=\"color: #0000ff\">Sava\u015f Durumu Farkl\u0131d\u0131r<\/span><\/p>\n<p>Devlet kurumlar\u0131 ve hizmet \u015febekelerinin mevcut ko\u015fullara ra\u011fmen g\u00f6rev ve sorumluluklar\u0131n\u0131 s\u00fcrd\u00fcrd\u00fcklerini belirten el Esad; baz\u0131 zamanlarda baz\u0131 kurumlar\u0131n hizmetlerinde eksikli\u011fin olmas\u0131n\u0131n ka\u00e7\u0131n\u0131lmaz oldu\u011funu belirtti. El Esad Suriye&#8217;nin sava\u015f s\u00fcrecinde oldu\u011funu, sava\u015fta da bir\u00e7ok \u015feyin durmas\u0131 yada aksamas\u0131n\u0131n gayet normal say\u0131ld\u0131\u011f\u0131n\u0131 belirtti. El Esad sava\u015f ve yapt\u0131r\u0131mlara ra\u011fmen Suriye&#8217;de bir\u00e7ok kurum ve hizmetin imkans\u0131zl\u0131klar i\u00e7inde b\u00fcy\u00fck ba\u015far\u0131lar kaydettiklerinin de bir ger\u00e7ek oldu\u011funu s\u00f6yledi.<\/p>\n<p><span style=\"color: #0000ff\">Vatan U\u011fruna Gecesini G\u00fcnd\u00fcz\u00fcne Katan Me\u00e7hul Askerler Var<\/span><\/p>\n<p><a href=\"http:\/\/www.sana.sy\/tr\/wp-content\/uploads\/2015\/07\/1117.jpg\"><img loading=\"lazy\" decoding=\"async\" class=\"alignright wp-image-41584 size-medium\" src=\"http:\/\/www.sana.sy\/tr\/wp-content\/uploads\/2015\/07\/1117-300x160.jpg\" alt=\"111\" width=\"300\" height=\"160\" srcset=\"https:\/\/archive.sana.sy\/tr\/wp-content\/uploads\/2015\/07\/1117-300x160.jpg 300w, https:\/\/archive.sana.sy\/tr\/wp-content\/uploads\/2015\/07\/1117-150x80.jpg 150w, https:\/\/archive.sana.sy\/tr\/wp-content\/uploads\/2015\/07\/1117.jpg 620w\" sizes=\"auto, (max-width: 300px) 100vw, 300px\" \/><\/a>Cumhurba\u015fkan\u0131 el Esad muhtelif sekt\u00f6rlerden i\u015f\u00e7ilerin, doktorlar\u0131n, m\u00fchendislerin ve daha bir\u00e7ok me\u00e7hul askerin vatan u\u011fruna gecesini g\u00fcnd\u00fcz\u00fcne katt\u0131\u011f\u0131n\u0131 belirtti. \u0130stisnas\u0131z t\u00fcm sekt\u00f6rlerde ve alanlarda \u00e7al\u0131\u015fan bu me\u00e7hul askerlerin baz\u0131 zamanlarda \u00e7at\u0131\u015fmalar d\u00fczeyinde say\u0131lacak kadar zor ko\u015fullarda bile g\u00f6revlerini sorumluluk ve duyarl\u0131l\u0131kla s\u00fcrd\u00fcrd\u00fcklerine dikkat \u00e7eken el Esad vatanda\u015flar\u0131n muhtelif t\u00fcr ihtiya\u00e7lar\u0131n\u0131 kar\u015f\u0131lamak i\u00e7in bulunduklar\u0131 \u00f6zverilerin takdire \u015fayan oldu\u011funu s\u00f6yledi.<\/p>\n<p><span style=\"color: #0000ff\">Gelece\u011fi Belirleyecek Bu Sava\u015fta orta \u00c7\u00f6z\u00fcm Diye Bir \u015eey Yoktur<\/span><\/p>\n<p>Suriye&#8217;nin olduk\u00e7a hassas ve \u00f6nemli bir s\u00fcre\u00e7ten ge\u00e7ti\u011fine dikkat \u00e7eken el Esad; tamamen gelece\u011fi belirleyecek bu s\u00fcre\u00e7te orta \u00e7\u00f6z\u00fcmlerin bulunmad\u0131\u011f\u0131n\u0131 vurgulad\u0131. El Esad bu s\u00fcre\u00e7 i\u00e7inde teredd\u00fcd\u00fcn hezimetle, korkakl\u0131kla, d\u0131\u015f g\u00fc\u00e7lerle i\u015fbirlik\u00e7ilikle ve ihanetle e\u015f oldu\u011funu ifade etti. Dolay\u0131s\u0131yla ulusal haklardan zerre kadar \u00f6d\u00fcn vermek veya vatan topraklar\u0131n\u0131n bir kar\u0131\u015f\u0131ndan bile vazge\u00e7menin kesinlikle ve hi\u00e7bir \u015fekilde m\u00fcmk\u00fcn olmad\u0131\u011f\u0131n\u0131n alt\u0131n\u0131 \u00e7izen el Esad; Suriye&#8217;nin hi\u00e7bir zaman k\u00f6le olmayaca\u011f\u0131n\u0131, aksine egemen bir efendi kalaca\u011f\u0131n\u0131 belirtti. El Esad Suriye&#8217;nin kendi topraklar\u0131, olanaklar\u0131 ve haklar\u0131n\u0131n efendisi olarak kalaca\u011f\u0131n\u0131n alt\u0131n\u0131 \u00e7izdi.<\/p>\n<p><span style=\"color: #0000ff\">Zafer Hak ve Hukuklar\u0131na Azimle Tutunan Devletlerin Olacakt\u0131r<\/span><\/p>\n<p>D\u00fcnyan\u0131n yava\u015f yava\u015f de\u011fi\u015fti\u011fine i\u015faret eden el Esad; haklar\u0131na ve egemenli\u011fine tutunan devletlerin zafer kazanmas\u0131n\u0131n ka\u00e7\u0131n\u0131lmaz oldu\u011funu vurgulad\u0131. El Esad bunun da son olarak en bariz \u00f6rneklerinden biri \u0130ran\u2019\u0131n say\u0131ld\u0131\u011f\u0131n\u0131 ifade ederken, on y\u0131llard\u0131r s\u00fcren sab\u0131r, kararl\u0131l\u0131k ve azimle n\u00fckleer teknolojiden faydalanma hakk\u0131n\u0131 elde etti\u011fini s\u00f6yledi. H\u00fcr ve egemen devletlerin k\u00f6lelik ve boyunduru\u011fu kabul etmelerinin m\u00fcmk\u00fcn olmad\u0131\u011f\u0131n\u0131 belirten el Esad; Suriye&#8217;nin onurunu, egemenli\u011fini, h\u00fcrriyetini ve gelece\u011fini kararl\u0131l\u0131k, azim ve iradeyle savunmaya devam edece\u011finin alt\u0131n\u0131 \u00e7izdi.<\/p>\n<p><span style=\"color: #0000ff\">Bedel B\u00fcy\u00fckt\u00fcr, \u00c7\u00fcnk\u00fc Sava\u015f Var Olma Sava\u015f\u0131d\u0131r<\/span><\/p>\n<p>S\u00f6zlerine devam eden el Esad ku\u015fkusuz bu sava\u015fta Suriye&#8217;nin olduk\u00e7a b\u00fcy\u00fck bir bedel \u00f6dedi\u011fini ifade ederken, fakat hayata ge\u00e7irilmeye \u00e7al\u0131\u015f\u0131lan planlar\u0131n b\u00fcy\u00fck oldu\u011funu, dayat\u0131lan sava\u015f\u0131n da var olma ve onur sava\u015f\u0131 oldu\u011funu belirtti. Bu sava\u015f\u0131n alevlendirilmesinde d\u0131\u015f fakt\u00f6rlerin \u00f6neminim hi\u00e7 kimse taraf\u0131ndan inkar edilemez oldu\u011funu belirten el Esad; fakat ku\u015fkusuz ki bu sava\u015f\u0131n ate\u015finin s\u00f6nd\u00fcr\u00fclmesinde i\u00e7 fakt\u00f6rlerin daha \u00f6nemli oldu\u011funun da bir\u00e7o\u011fumuz taraf\u0131ndan bilindi\u011fine dikkat \u00e7ekti.<\/p>\n<p>Suriye&#8217;nin maruz kald\u0131\u011f\u0131 sava\u015f ve planlardan kurtulmas\u0131 i\u00e7in her ferdin duyarl\u0131 olmas\u0131 ve sorumluluk \u00fcstlenmesi gerekti\u011fini belirten el Esad; Suriyeli her ferdin kendi evini, k\u00f6y\u00fcn\u00fc, kasabas\u0131n\u0131, kentini ve yurdunu korumas\u0131n\u0131n \u00f6nemine dikkat \u00e7ekti. El Esad Suriyelilerin herkesten \u00f6nce kendi vatanlar\u0131n\u0131n birlik beraberli\u011fini, toprak ve halk b\u00fct\u00fcnl\u00fc\u011f\u00fcn\u00fc koruma sorumlulu\u011funu \u00fcstlenmeleri \u00f6nemini ifade etti.<\/p>\n<p><span style=\"color: #0000ff\">Zafer belli Bir Kesimin De\u011fil, Suriye&#8217;nin Zaferi Olacakt\u0131r<\/span><\/p>\n<p>Suriye&#8217;nin bu sava\u015fta zafer kazanmas\u0131n\u0131n sadece ter\u00f6r\u00fc bertaraf etmesi anlam\u0131na gelmedi\u011fini ifade eden el Esad; ayn\u0131 zamanda b\u00f6lgenin yeniden g\u00fcven ve istikrara kavu\u015fmas\u0131 anlam\u0131na geldi\u011finin alt\u0131n\u0131 \u00e7izdi. El Esad; b\u00f6lge ve halklar\u0131n\u0131n gelece\u011finin Suriye&#8217;nin gelece\u011fine g\u00f6re resmedilece\u011fine dikkat \u00e7ekti.<\/p>\n<p>Cumhurba\u015fkan\u0131 el Esad Suriye&#8217;nin se\u00e7ene\u011finin ise ilk g\u00fcnden beri net ve aleni oldu\u011funu ifade ederken; bu se\u00e7ene\u011fin irade ve kararl\u0131l\u0131\u011f\u0131n yan\u0131nda zafere inan\u00e7 oldu\u011funu belirtti. Zaferin Suriyelilerin bir bile\u015feni yada kesiminin ba\u015fka Suriyeliye kar\u015f\u0131 zaferi olmad\u0131\u011f\u0131na dikkat \u00e7eken el Esad; zaferin Suriye&#8217;yi vatan ve halk olarak hedef alan planlara kar\u015f\u0131 zafer oldu\u011funun alt\u0131n\u0131 \u00e7izdi.<\/p>\n<p><span style=\"color: #0000ff\">D\u0131\u015f Vaatlere G\u00fcvenenler Evhamlar\u0131 \u0130\u00e7inde Kalacakt\u0131r<\/span><\/p>\n<p>Suriye ordusu ve silahl\u0131 kuvvetlerinde vatan ve onuru i\u00e7in canlar\u0131n\u0131 feda eden kahramanlar bulunduk\u00e7a d\u0131\u015f vaatler ve bu vaatlere bahis oynayanlar\u0131n hedeflerinin evhamlardan ibaret kalaca\u011f\u0131n\u0131 vurgulayan el Esad; Suriye&#8217;yi savunan ordusu ve halk\u0131n\u0131n her \u015feye ra\u011fmen vatan\u0131 savunma azmi ve kararl\u0131\u011f\u0131nda olduklar\u0131n\u0131 ifade etti.<\/p>\n<p>Cumhurba\u015fkan\u0131 el Esad konu\u015fmas\u0131nda; \u201cVatan\u0131m\u0131z hakk\u0131m\u0131zd\u0131r, onu savunmak da onun hakk\u0131d\u0131r. Y\u00fcce Allah da haktan yanad\u0131r..\u201d ifadesini kulland\u0131.<\/p>\n<p>A.A. &#8211; R.H.<\/p>\n","protected":false},"excerpt":{"rendered":"<p>\u015eAM \u2013 Cumhurba\u015fkan\u0131 Be\u015f\u015far el Esad sivil toplum kurumlar\u0131, halk \u00f6rg\u00fctleri ve mesleki sendikalar\u0131n yan\u0131 s\u0131ra sanayi, ticaret, tar\u0131m ve turizm odalar\u0131 ba\u015fkan ve \u00fcyeleriyle bug\u00fcn bir araya geldi. Bulu\u015fmada yapt\u0131\u011f\u0131 konu\u015fmada el Esad Bat\u0131l\u0131lar\u0131n ter\u00f6rle team\u00fcllerinin hala nifakla dolu oldu\u011funu belirtti. El Esad kendilerini hedef ald\u0131\u011f\u0131nda ter\u00f6r olarak adland\u0131r\u0131rlarken, ba\u015fkalar\u0131n\u0131 hedef ald\u0131\u011f\u0131nda ise devrim, &hellip;<\/p>\n","protected":false},"author":1,"featured_media":41499,"comment_status":"closed","ping_status":"closed","sticky":false,"template":"","format":"standard","meta":{"footnotes":""},"categories":[479,609,605,2554,2555,478],"tags":[15984,15986,15985,4035],"class_list":["post-41487","post","type-post","status-publish","format-standard","has-post-thumbnail","","category-haberler-yerel","category-konusmalar","category-sayin-cumhurbaskani","category-suriye-ve-dunya","category-suriye-ve-turkiye","category-yerel","tag-halk-orgutleri-ve-mesleki-sendikalarin-yani-sira-sanayi","tag-sam-cumhurbaskani-bessar-el-esad-sivil-toplum-kurumlari","tag-tarim-ve-turizm-odalari-baskan-ve-uyeleriyle-bugun-bir-araya-geldi","tag-ticaret"],"_links":{"self":[{"href":"https:\/\/archive.sana.sy\/tr\/index.php?rest_route=\/wp\/v2\/posts\/41487","targetHints":{"allow":["GET"]}}],"collection":[{"href":"https:\/\/archive.sana.sy\/tr\/index.php?rest_route=\/wp\/v2\/posts"}],"about":[{"href":"https:\/\/archive.sana.sy\/tr\/index.php?rest_route=\/wp\/v2\/types\/post"}],"author":[{"embeddable":true,"href":"https:\/\/archive.sana.sy\/tr\/index.php?rest_route=\/wp\/v2\/users\/1"}],"replies":[{"embeddable":true,"href":"https:\/\/archive.sana.sy\/tr\/index.php?rest_route=%2Fwp%2Fv2%2Fcomments&post=41487"}],"version-history":[{"count":0,"href":"https:\/\/archive.sana.sy\/tr\/index.php?rest_route=\/wp\/v2\/posts\/41487\/revisions"}],"wp:featuredmedia":[{"embeddable":true,"href":"https:\/\/archive.sana.sy\/tr\/index.php?rest_route=\/wp\/v2\/media\/41499"}],"wp:attachment":[{"href":"https:\/\/archive.sana.sy\/tr\/index.php?rest_route=%2Fwp%2Fv2%2Fmedia&parent=41487"}],"wp:term":[{"taxonomy":"category","embeddable":true,"href":"https:\/\/archive.sana.sy\/tr\/index.php?rest_route=%2Fwp%2Fv2%2Fcategories&post=41487"},{"taxonomy":"post_tag","embeddable":true,"href":"https:\/\/archive.sana.sy\/tr\/index.php?rest_route=%2Fwp%2Fv2%2Ftags&post=41487"}],"curies":[{"name":"wp","href":"https:\/\/api.w.org\/{rel}","templated":true}]}}