{"id":41506,"date":"2015-07-26T11:53:06","date_gmt":"2015-07-26T08:53:06","guid":{"rendered":"http:\/\/sana.sy\/tr\/?p=41506"},"modified":"2015-07-26T11:53:06","modified_gmt":"2015-07-26T08:53:06","slug":"teror-tohumlari-yayanlarin-nasil-terorle-mucadele-edecekleri-sorusuna-dikkat-ceken-el-esad-terorle-gercekten-mucadele-etmek-isteyenlerin-realite-ve-mantikla-hareket-etmesi-gerektiginin-altini-cizdi","status":"publish","type":"post","link":"https:\/\/archive.sana.sy\/tr\/?p=41506","title":{"rendered":"Ter\u00f6r tohumlar\u0131 yayanlar\u0131n nas\u0131l ter\u00f6rle m\u00fccadele edecekleri sorusuna dikkat \u00e7eken el Esad; ter\u00f6rle ger\u00e7ekten m\u00fccadele etmek isteyenlerin realite ve mant\u0131kla hareket etmesi gerekti\u011finin alt\u0131n\u0131 \u00e7izdi. El Esad ter\u00f6rle m\u00fccadele edecek olanlar\u0131n adaletle birlikte halklar\u0131n iradelerine ve kendi geleceklerini kendi elleriyle belirleme haklar\u0131na sayg\u0131 g\u00f6stermeleri gerekti\u011fini vurgulad\u0131."},"content":{"rendered":"<p>Ter\u00f6r tohumlar\u0131 yayanlar\u0131n nas\u0131l ter\u00f6rle m\u00fccadele edecekleri sorusuna dikkat \u00e7eken el Esad; ter\u00f6rle ger\u00e7ekten m\u00fccadele etmek isteyenlerin realite ve mant\u0131kla hareket etmesi gerekti\u011finin alt\u0131n\u0131 \u00e7izdi. El Esad ter\u00f6rle m\u00fccadele edecek olanlar\u0131n adaletle birlikte halklar\u0131n iradelerine ve kendi geleceklerini kendi elleriyle belirleme haklar\u0131na sayg\u0131 g\u00f6stermeleri gerekti\u011fini vurgulad\u0131.<\/p>\n","protected":false},"excerpt":{"rendered":"<p>Ter\u00f6r tohumlar\u0131 yayanlar\u0131n nas\u0131l ter\u00f6rle m\u00fccadele edecekleri sorusuna dikkat \u00e7eken el Esad; ter\u00f6rle ger\u00e7ekten m\u00fccadele etmek isteyenlerin realite ve mant\u0131kla hareket etmesi gerekti\u011finin alt\u0131n\u0131 \u00e7izdi. El Esad ter\u00f6rle m\u00fccadele edecek olanlar\u0131n adaletle birlikte halklar\u0131n iradelerine ve kendi geleceklerini kendi elleriyle belirleme haklar\u0131na sayg\u0131 g\u00f6stermeleri gerekti\u011fini vurgulad\u0131.<\/p>\n","protected":false},"author":1,"featured_media":0,"comment_status":"closed","ping_status":"closed","sticky":false,"template":"","format":"standard","meta":{"footnotes":""},"categories":[1],"tags":[],"class_list":["post-41506","post","type-post","status-publish","format-standard","","category-news-not-sorted"],"_links":{"self":[{"href":"https:\/\/archive.sana.sy\/tr\/index.php?rest_route=\/wp\/v2\/posts\/41506","targetHints":{"allow":["GET"]}}],"collection":[{"href":"https:\/\/archive.sana.sy\/tr\/index.php?rest_route=\/wp\/v2\/posts"}],"about":[{"href":"https:\/\/archive.sana.sy\/tr\/index.php?rest_route=\/wp\/v2\/types\/post"}],"author":[{"embeddable":true,"href":"https:\/\/archive.sana.sy\/tr\/index.php?rest_route=\/wp\/v2\/users\/1"}],"replies":[{"embeddable":true,"href":"https:\/\/archive.sana.sy\/tr\/index.php?rest_route=%2Fwp%2Fv2%2Fcomments&post=41506"}],"version-history":[{"count":0,"href":"https:\/\/archive.sana.sy\/tr\/index.php?rest_route=\/wp\/v2\/posts\/41506\/revisions"}],"wp:attachment":[{"href":"https:\/\/archive.sana.sy\/tr\/index.php?rest_route=%2Fwp%2Fv2%2Fmedia&parent=41506"}],"wp:term":[{"taxonomy":"category","embeddable":true,"href":"https:\/\/archive.sana.sy\/tr\/index.php?rest_route=%2Fwp%2Fv2%2Fcategories&post=41506"},{"taxonomy":"post_tag","embeddable":true,"href":"https:\/\/archive.sana.sy\/tr\/index.php?rest_route=%2Fwp%2Fv2%2Ftags&post=41506"}],"curies":[{"name":"wp","href":"https:\/\/api.w.org\/{rel}","templated":true}]}}