{"id":41513,"date":"2015-07-26T12:08:15","date_gmt":"2015-07-26T09:08:15","guid":{"rendered":"http:\/\/sana.sy\/tr\/?p=41513"},"modified":"2015-07-26T12:08:15","modified_gmt":"2015-07-26T09:08:15","slug":"sozlerine-devam-eden-el-esad-batililarin-cifte-standartli-tutumlar-izledikleri-surece-tutumlarindaki-degisimlere-bel-baglamanin-mumkun-olmadigini-soyledi-suriyenin-ilk-gunden-beri-tanik-oldugu-mese","status":"publish","type":"post","link":"https:\/\/archive.sana.sy\/tr\/?p=41513","title":{"rendered":"S\u00f6zlerine devam eden el Esad Bat\u0131l\u0131lar\u0131n \u00e7ifte standartl\u0131 tutumlar izledikleri s\u00fcrece tutumlar\u0131ndaki de\u011fi\u015fimlere bel ba\u011flaman\u0131n m\u00fcmk\u00fcn olmad\u0131\u011f\u0131n\u0131 s\u00f6yledi. Suriye&#8217;nin ilk g\u00fcnden beri tan\u0131k oldu\u011fu meselelerin \u00e7\u00f6z\u00fcm\u00fcnde sadece ve sadece kendi olanaklar\u0131 ve g\u00fcc\u00fcne dayand\u0131\u011f\u0131n\u0131 belirten el Esad, Suriye halk\u0131n\u0131n ger\u00e7ek dostlar\u0131ndan da iyilik umut etti\u011fini s\u00f6zlerine ekledi."},"content":{"rendered":"<p>S\u00f6zlerine devam eden el Esad Bat\u0131l\u0131lar\u0131n \u00e7ifte standartl\u0131 tutumlar izledikleri s\u00fcrece tutumlar\u0131ndaki de\u011fi\u015fimlere bel ba\u011flaman\u0131n m\u00fcmk\u00fcn olmad\u0131\u011f\u0131n\u0131 s\u00f6yledi. Suriye&#8217;nin ilk g\u00fcnden beri tan\u0131k oldu\u011fu meselelerin \u00e7\u00f6z\u00fcm\u00fcnde sadece ve sadece kendi olanaklar\u0131 ve g\u00fcc\u00fcne dayand\u0131\u011f\u0131n\u0131 belirten el Esad, Suriye halk\u0131n\u0131n ger\u00e7ek dostlar\u0131ndan da iyilik umut etti\u011fini s\u00f6zlerine ekledi.<\/p>\n","protected":false},"excerpt":{"rendered":"<p>S\u00f6zlerine devam eden el Esad Bat\u0131l\u0131lar\u0131n \u00e7ifte standartl\u0131 tutumlar izledikleri s\u00fcrece tutumlar\u0131ndaki de\u011fi\u015fimlere bel ba\u011flaman\u0131n m\u00fcmk\u00fcn olmad\u0131\u011f\u0131n\u0131 s\u00f6yledi. Suriye&#8217;nin ilk g\u00fcnden beri tan\u0131k oldu\u011fu meselelerin \u00e7\u00f6z\u00fcm\u00fcnde sadece ve sadece kendi olanaklar\u0131 ve g\u00fcc\u00fcne dayand\u0131\u011f\u0131n\u0131 belirten el Esad, Suriye halk\u0131n\u0131n ger\u00e7ek dostlar\u0131ndan da iyilik umut etti\u011fini s\u00f6zlerine ekledi.<\/p>\n","protected":false},"author":1,"featured_media":0,"comment_status":"closed","ping_status":"closed","sticky":false,"template":"","format":"standard","meta":{"footnotes":""},"categories":[1],"tags":[],"class_list":["post-41513","post","type-post","status-publish","format-standard","","category-news-not-sorted"],"_links":{"self":[{"href":"https:\/\/archive.sana.sy\/tr\/index.php?rest_route=\/wp\/v2\/posts\/41513","targetHints":{"allow":["GET"]}}],"collection":[{"href":"https:\/\/archive.sana.sy\/tr\/index.php?rest_route=\/wp\/v2\/posts"}],"about":[{"href":"https:\/\/archive.sana.sy\/tr\/index.php?rest_route=\/wp\/v2\/types\/post"}],"author":[{"embeddable":true,"href":"https:\/\/archive.sana.sy\/tr\/index.php?rest_route=\/wp\/v2\/users\/1"}],"replies":[{"embeddable":true,"href":"https:\/\/archive.sana.sy\/tr\/index.php?rest_route=%2Fwp%2Fv2%2Fcomments&post=41513"}],"version-history":[{"count":0,"href":"https:\/\/archive.sana.sy\/tr\/index.php?rest_route=\/wp\/v2\/posts\/41513\/revisions"}],"wp:attachment":[{"href":"https:\/\/archive.sana.sy\/tr\/index.php?rest_route=%2Fwp%2Fv2%2Fmedia&parent=41513"}],"wp:term":[{"taxonomy":"category","embeddable":true,"href":"https:\/\/archive.sana.sy\/tr\/index.php?rest_route=%2Fwp%2Fv2%2Fcategories&post=41513"},{"taxonomy":"post_tag","embeddable":true,"href":"https:\/\/archive.sana.sy\/tr\/index.php?rest_route=%2Fwp%2Fv2%2Ftags&post=41513"}],"curies":[{"name":"wp","href":"https:\/\/api.w.org\/{rel}","templated":true}]}}