{"id":41518,"date":"2015-07-26T12:22:02","date_gmt":"2015-07-26T09:22:02","guid":{"rendered":"http:\/\/www.sana.sy\/tr\/?p=41518"},"modified":"2015-07-26T12:22:02","modified_gmt":"2015-07-26T09:22:02","slug":"iranin-suriye-ve-halkina-verdigi-destege-isaret-eden-el-esad-iranin-suriyeye-yonelik-savasi-devletin-hukumetin-yada-cumhurbaskaninin-savasi-degil-de-butunsel-olarak-bir-eksenin-s","status":"publish","type":"post","link":"https:\/\/archive.sana.sy\/tr\/?p=41518","title":{"rendered":"\u0130ran\u2019\u0131n Suriye ve halk\u0131na verdi\u011fi deste\u011fe i\u015faret eden el Esad; \u0130ran\u2019\u0131n Suriye&#8217;ye y\u00f6nelik sava\u015f\u0131 devletin, h\u00fck\u00fcmetin yada cumhurba\u015fkan\u0131n\u0131n sava\u015f\u0131 de\u011fil de b\u00fct\u00fcnsel olarak bir eksenin sava\u015f\u0131 olarak g\u00f6r\u00fcp bu idrakinden hareketle destek verdi\u011fini s\u00f6yledi. El Esad; bu eksenin b\u00fct\u00fcnsel olarak egemenlik, onur, halklar\u0131n \u00e7\u0131karlar\u0131 ve vatanlar\u0131n istikrar\u0131n\u0131 temsil etti\u011fini belirtti"},"content":{"rendered":"<p>\u0130ran\u2019\u0131n Suriye ve halk\u0131na verdi\u011fi deste\u011fe i\u015faret eden el Esad; \u0130ran\u2019\u0131n Suriye&#8217;ye y\u00f6nelik sava\u015f\u0131 devletin, h\u00fck\u00fcmetin yada cumhurba\u015fkan\u0131n\u0131n sava\u015f\u0131 de\u011fil de b\u00fct\u00fcnsel olarak bir eksenin sava\u015f\u0131 olarak g\u00f6r\u00fcp bu idrakinden hareketle destek verdi\u011fini s\u00f6yledi. El Esad; bu eksenin b\u00fct\u00fcnsel olarak egemenlik, onur, halklar\u0131n \u00e7\u0131karlar\u0131 ve vatanlar\u0131n istikrar\u0131n\u0131 temsil etti\u011fini belirtti<\/p>\n","protected":false},"excerpt":{"rendered":"<p>\u0130ran\u2019\u0131n Suriye ve halk\u0131na verdi\u011fi deste\u011fe i\u015faret eden el Esad; \u0130ran\u2019\u0131n Suriye&#8217;ye y\u00f6nelik sava\u015f\u0131 devletin, h\u00fck\u00fcmetin yada cumhurba\u015fkan\u0131n\u0131n sava\u015f\u0131 de\u011fil de b\u00fct\u00fcnsel olarak bir eksenin sava\u015f\u0131 olarak g\u00f6r\u00fcp bu idrakinden hareketle destek verdi\u011fini s\u00f6yledi. El Esad; bu eksenin b\u00fct\u00fcnsel olarak egemenlik, onur, halklar\u0131n \u00e7\u0131karlar\u0131 ve vatanlar\u0131n istikrar\u0131n\u0131 temsil etti\u011fini belirtti<\/p>\n","protected":false},"author":1,"featured_media":0,"comment_status":"closed","ping_status":"closed","sticky":false,"template":"","format":"standard","meta":{"footnotes":""},"categories":[1],"tags":[],"class_list":["post-41518","post","type-post","status-publish","format-standard","","category-news-not-sorted"],"_links":{"self":[{"href":"https:\/\/archive.sana.sy\/tr\/index.php?rest_route=\/wp\/v2\/posts\/41518","targetHints":{"allow":["GET"]}}],"collection":[{"href":"https:\/\/archive.sana.sy\/tr\/index.php?rest_route=\/wp\/v2\/posts"}],"about":[{"href":"https:\/\/archive.sana.sy\/tr\/index.php?rest_route=\/wp\/v2\/types\/post"}],"author":[{"embeddable":true,"href":"https:\/\/archive.sana.sy\/tr\/index.php?rest_route=\/wp\/v2\/users\/1"}],"replies":[{"embeddable":true,"href":"https:\/\/archive.sana.sy\/tr\/index.php?rest_route=%2Fwp%2Fv2%2Fcomments&post=41518"}],"version-history":[{"count":0,"href":"https:\/\/archive.sana.sy\/tr\/index.php?rest_route=\/wp\/v2\/posts\/41518\/revisions"}],"wp:attachment":[{"href":"https:\/\/archive.sana.sy\/tr\/index.php?rest_route=%2Fwp%2Fv2%2Fmedia&parent=41518"}],"wp:term":[{"taxonomy":"category","embeddable":true,"href":"https:\/\/archive.sana.sy\/tr\/index.php?rest_route=%2Fwp%2Fv2%2Fcategories&post=41518"},{"taxonomy":"post_tag","embeddable":true,"href":"https:\/\/archive.sana.sy\/tr\/index.php?rest_route=%2Fwp%2Fv2%2Ftags&post=41518"}],"curies":[{"name":"wp","href":"https:\/\/api.w.org\/{rel}","templated":true}]}}