{"id":41533,"date":"2015-07-26T12:44:08","date_gmt":"2015-07-26T09:44:08","guid":{"rendered":"http:\/\/www.sana.sy\/tr\/?p=41533"},"modified":"2015-07-26T12:44:08","modified_gmt":"2015-07-26T09:44:08","slug":"suriyenin-her-karis-topraginin-paha-bicilmez-degerde-oldugunu-belirten-el-esad-suriyenin-her-bolgesinin-ve-her-cografyasinin-diger-tum-bolgeler-ve-cografya-ile-es-deger-ve-onemde-oldugunun-onemle","status":"publish","type":"post","link":"https:\/\/archive.sana.sy\/tr\/?p=41533","title":{"rendered":"Suriye&#8217;nin her kar\u0131\u015f topra\u011f\u0131n\u0131n paha bi\u00e7ilmez de\u011ferde oldu\u011funu belirten el Esad; Suriye&#8217;nin her b\u00f6lgesinin ve her co\u011frafyas\u0131n\u0131n di\u011fer t\u00fcm b\u00f6lgeler ve co\u011frafya ile e\u015f de\u011fer ve \u00f6nemde oldu\u011funun \u00f6nemle alt\u0131n\u0131 \u00e7izdi"},"content":{"rendered":"<p>Suriye&#8217;nin her kar\u0131\u015f topra\u011f\u0131n\u0131n paha bi\u00e7ilmez de\u011ferde oldu\u011funu belirten el Esad; Suriye&#8217;nin her b\u00f6lgesinin ve her co\u011frafyas\u0131n\u0131n di\u011fer t\u00fcm b\u00f6lgeler ve co\u011frafya ile e\u015f de\u011fer ve \u00f6nemde oldu\u011funun \u00f6nemle alt\u0131n\u0131 \u00e7izdi<\/p>\n","protected":false},"excerpt":{"rendered":"<p>Suriye&#8217;nin her kar\u0131\u015f topra\u011f\u0131n\u0131n paha bi\u00e7ilmez de\u011ferde oldu\u011funu belirten el Esad; Suriye&#8217;nin her b\u00f6lgesinin ve her co\u011frafyas\u0131n\u0131n di\u011fer t\u00fcm b\u00f6lgeler ve co\u011frafya ile e\u015f de\u011fer ve \u00f6nemde oldu\u011funun \u00f6nemle alt\u0131n\u0131 \u00e7izdi<\/p>\n","protected":false},"author":1,"featured_media":0,"comment_status":"closed","ping_status":"closed","sticky":false,"template":"","format":"standard","meta":{"footnotes":""},"categories":[1],"tags":[],"class_list":["post-41533","post","type-post","status-publish","format-standard","","category-news-not-sorted"],"_links":{"self":[{"href":"https:\/\/archive.sana.sy\/tr\/index.php?rest_route=\/wp\/v2\/posts\/41533","targetHints":{"allow":["GET"]}}],"collection":[{"href":"https:\/\/archive.sana.sy\/tr\/index.php?rest_route=\/wp\/v2\/posts"}],"about":[{"href":"https:\/\/archive.sana.sy\/tr\/index.php?rest_route=\/wp\/v2\/types\/post"}],"author":[{"embeddable":true,"href":"https:\/\/archive.sana.sy\/tr\/index.php?rest_route=\/wp\/v2\/users\/1"}],"replies":[{"embeddable":true,"href":"https:\/\/archive.sana.sy\/tr\/index.php?rest_route=%2Fwp%2Fv2%2Fcomments&post=41533"}],"version-history":[{"count":0,"href":"https:\/\/archive.sana.sy\/tr\/index.php?rest_route=\/wp\/v2\/posts\/41533\/revisions"}],"wp:attachment":[{"href":"https:\/\/archive.sana.sy\/tr\/index.php?rest_route=%2Fwp%2Fv2%2Fmedia&parent=41533"}],"wp:term":[{"taxonomy":"category","embeddable":true,"href":"https:\/\/archive.sana.sy\/tr\/index.php?rest_route=%2Fwp%2Fv2%2Fcategories&post=41533"},{"taxonomy":"post_tag","embeddable":true,"href":"https:\/\/archive.sana.sy\/tr\/index.php?rest_route=%2Fwp%2Fv2%2Ftags&post=41533"}],"curies":[{"name":"wp","href":"https:\/\/api.w.org\/{rel}","templated":true}]}}