{"id":41539,"date":"2015-07-26T12:51:06","date_gmt":"2015-07-26T09:51:06","guid":{"rendered":"http:\/\/www.sana.sy\/tr\/?p=41539"},"modified":"2015-07-26T12:51:32","modified_gmt":"2015-07-26T09:51:32","slug":"yurtdisi-muhalefet-olarak-adlandirilan-olusumlarin-baskalarinin-direktiflerinde-hareket-eden-kiraliklardan-olustuguna-dikkat-ceken-el-esad-bu-muhalefetin-sadece-vatan-topraklari-disinda-oldugu-anlami","status":"publish","type":"post","link":"https:\/\/archive.sana.sy\/tr\/?p=41539","title":{"rendered":"Yurtd\u0131\u015f\u0131 muhalefet olarak adland\u0131r\u0131lan olu\u015fumlar\u0131n ba\u015fkalar\u0131n\u0131n direktiflerinde hareket eden kiral\u0131klardan olu\u015ftu\u011funa dikkat \u00e7eken el Esad; bu muhalefetin sadece vatan topraklar\u0131 d\u0131\u015f\u0131nda oldu\u011fu anlam\u0131na gelmedi\u011fini, yurti\u00e7inde olup da yurtd\u0131\u015f\u0131ndan direktif alanlar\u0131 da kapsad\u0131\u011f\u0131n\u0131n alt\u0131n\u0131 \u00e7izdi"},"content":{"rendered":"<p>Yurtd\u0131\u015f\u0131 muhalefet olarak adland\u0131r\u0131lan olu\u015fumlar\u0131n ba\u015fkalar\u0131n\u0131n direktiflerinde hareket eden kiral\u0131klardan olu\u015ftu\u011funa dikkat \u00e7eken el Esad; bu muhalefetin sadece vatan topraklar\u0131 d\u0131\u015f\u0131nda oldu\u011fu anlam\u0131na gelmedi\u011fini, yurti\u00e7inde olup da yurtd\u0131\u015f\u0131ndan direktif alanlar\u0131 da kapsad\u0131\u011f\u0131n\u0131n alt\u0131n\u0131 \u00e7izdi<\/p>\n","protected":false},"excerpt":{"rendered":"<p>Yurtd\u0131\u015f\u0131 muhalefet olarak adland\u0131r\u0131lan olu\u015fumlar\u0131n ba\u015fkalar\u0131n\u0131n direktiflerinde hareket eden kiral\u0131klardan olu\u015ftu\u011funa dikkat \u00e7eken el Esad; bu muhalefetin sadece vatan topraklar\u0131 d\u0131\u015f\u0131nda oldu\u011fu anlam\u0131na gelmedi\u011fini, yurti\u00e7inde olup da yurtd\u0131\u015f\u0131ndan direktif alanlar\u0131 da kapsad\u0131\u011f\u0131n\u0131n alt\u0131n\u0131 \u00e7izdi<\/p>\n","protected":false},"author":1,"featured_media":0,"comment_status":"closed","ping_status":"closed","sticky":false,"template":"","format":"standard","meta":{"footnotes":""},"categories":[1],"tags":[],"class_list":["post-41539","post","type-post","status-publish","format-standard","","category-news-not-sorted"],"_links":{"self":[{"href":"https:\/\/archive.sana.sy\/tr\/index.php?rest_route=\/wp\/v2\/posts\/41539","targetHints":{"allow":["GET"]}}],"collection":[{"href":"https:\/\/archive.sana.sy\/tr\/index.php?rest_route=\/wp\/v2\/posts"}],"about":[{"href":"https:\/\/archive.sana.sy\/tr\/index.php?rest_route=\/wp\/v2\/types\/post"}],"author":[{"embeddable":true,"href":"https:\/\/archive.sana.sy\/tr\/index.php?rest_route=\/wp\/v2\/users\/1"}],"replies":[{"embeddable":true,"href":"https:\/\/archive.sana.sy\/tr\/index.php?rest_route=%2Fwp%2Fv2%2Fcomments&post=41539"}],"version-history":[{"count":0,"href":"https:\/\/archive.sana.sy\/tr\/index.php?rest_route=\/wp\/v2\/posts\/41539\/revisions"}],"wp:attachment":[{"href":"https:\/\/archive.sana.sy\/tr\/index.php?rest_route=%2Fwp%2Fv2%2Fmedia&parent=41539"}],"wp:term":[{"taxonomy":"category","embeddable":true,"href":"https:\/\/archive.sana.sy\/tr\/index.php?rest_route=%2Fwp%2Fv2%2Fcategories&post=41539"},{"taxonomy":"post_tag","embeddable":true,"href":"https:\/\/archive.sana.sy\/tr\/index.php?rest_route=%2Fwp%2Fv2%2Ftags&post=41539"}],"curies":[{"name":"wp","href":"https:\/\/api.w.org\/{rel}","templated":true}]}}