{"id":41577,"date":"2015-07-26T16:21:02","date_gmt":"2015-07-26T13:21:02","guid":{"rendered":"http:\/\/www.sana.sy\/tr\/?p=41577"},"modified":"2015-07-26T16:21:02","modified_gmt":"2015-07-26T13:21:02","slug":"gunun-ilerleyten-saatlerinde-sanaya-aciklama-yapan-askeri-kaynak-hava-guclerimizin-dera-beledin-guneyine-ek-olarak-nuayme-ve-cbub-kheyl-bolgelerinde-tekfirci-teroristlerin-mevkileri","status":"publish","type":"post","link":"https:\/\/archive.sana.sy\/tr\/?p=41577","title":{"rendered":"G\u00fcn\u00fcn ilerleyten saatlerinde SANA\u2019ya a\u00e7\u0131klama yapan askeri kaynak; hava g\u00fc\u00e7lerimizin Dera Beled\u2019in g\u00fcneyine ek olarak Nuayme ve Cbub Kheyl b\u00f6lgelerinde tekfirci ter\u00f6ristlerin mevkilerini ve bir k\u0131sm\u0131 a\u011f\u0131r silahlarla donat\u0131lm\u0131\u015f bir\u00e7ok ara\u00e7lar\u0131n\u0131 imha ettiklerini s\u00f6yledi"},"content":{"rendered":"<p>G\u00fcn\u00fcn ilerleyten saatlerinde SANA\u2019ya a\u00e7\u0131klama yapan askeri kaynak; hava g\u00fc\u00e7lerimizin Dera Beled\u2019in g\u00fcneyine ek olarak Nuayme ve Cbub Kheyl b\u00f6lgelerinde tekfirci ter\u00f6ristlerin mevkilerini ve bir k\u0131sm\u0131 a\u011f\u0131r silahlarla donat\u0131lm\u0131\u015f bir\u00e7ok ara\u00e7lar\u0131n\u0131 imha ettiklerini s\u00f6yledi<\/p>\n","protected":false},"excerpt":{"rendered":"<p>G\u00fcn\u00fcn ilerleyten saatlerinde SANA\u2019ya a\u00e7\u0131klama yapan askeri kaynak; hava g\u00fc\u00e7lerimizin Dera Beled\u2019in g\u00fcneyine ek olarak Nuayme ve Cbub Kheyl b\u00f6lgelerinde tekfirci ter\u00f6ristlerin mevkilerini ve bir k\u0131sm\u0131 a\u011f\u0131r silahlarla donat\u0131lm\u0131\u015f bir\u00e7ok ara\u00e7lar\u0131n\u0131 imha ettiklerini s\u00f6yledi<\/p>\n","protected":false},"author":1,"featured_media":0,"comment_status":"closed","ping_status":"closed","sticky":false,"template":"","format":"standard","meta":{"footnotes":""},"categories":[1],"tags":[],"class_list":["post-41577","post","type-post","status-publish","format-standard","","category-news-not-sorted"],"_links":{"self":[{"href":"https:\/\/archive.sana.sy\/tr\/index.php?rest_route=\/wp\/v2\/posts\/41577","targetHints":{"allow":["GET"]}}],"collection":[{"href":"https:\/\/archive.sana.sy\/tr\/index.php?rest_route=\/wp\/v2\/posts"}],"about":[{"href":"https:\/\/archive.sana.sy\/tr\/index.php?rest_route=\/wp\/v2\/types\/post"}],"author":[{"embeddable":true,"href":"https:\/\/archive.sana.sy\/tr\/index.php?rest_route=\/wp\/v2\/users\/1"}],"replies":[{"embeddable":true,"href":"https:\/\/archive.sana.sy\/tr\/index.php?rest_route=%2Fwp%2Fv2%2Fcomments&post=41577"}],"version-history":[{"count":0,"href":"https:\/\/archive.sana.sy\/tr\/index.php?rest_route=\/wp\/v2\/posts\/41577\/revisions"}],"wp:attachment":[{"href":"https:\/\/archive.sana.sy\/tr\/index.php?rest_route=%2Fwp%2Fv2%2Fmedia&parent=41577"}],"wp:term":[{"taxonomy":"category","embeddable":true,"href":"https:\/\/archive.sana.sy\/tr\/index.php?rest_route=%2Fwp%2Fv2%2Fcategories&post=41577"},{"taxonomy":"post_tag","embeddable":true,"href":"https:\/\/archive.sana.sy\/tr\/index.php?rest_route=%2Fwp%2Fv2%2Ftags&post=41577"}],"curies":[{"name":"wp","href":"https:\/\/api.w.org\/{rel}","templated":true}]}}