{"id":4158,"date":"2014-06-28T22:55:50","date_gmt":"2014-06-28T19:55:50","guid":{"rendered":"http:\/\/www.sana.sy\/tr\/?p=4158"},"modified":"2014-06-28T22:55:50","modified_gmt":"2014-06-28T19:55:50","slug":"uluslararasi-toplumu-hak-gozuyle-bakmaya-cagirdi","status":"publish","type":"post","link":"https:\/\/archive.sana.sy\/tr\/?p=4158","title":{"rendered":"Uluslararas\u0131 Toplumu Hak G\u00f6z\u00fcyle Bakmaya \u00c7a\u011f\u0131rd\u0131"},"content":{"rendered":"<p>\u015eAM \u2013 Antakya ve T\u00fcm Do\u011fu Rum Ortodokslar Antakya Konferans\u0131 Uluslar aras\u0131 toplumu ba\u015fta Suriye olmak \u00fczere Ma\u015fr\u0131kta ya\u015fananlara hak g\u00f6z\u00fcyle bakmaya davet etti.<\/p>\n<p>Konferans yay\u0131nlad\u0131\u011f\u0131 ve SANA\u2019n\u0131n bir n\u00fcshas\u0131n\u0131 ald\u0131\u011f\u0131 beyan\u0131nda Suriye&#8217;nin Ma\u015fr\u0131k ve t\u00fcm d\u00fcnyan bar\u0131\u015f garant\u00f6r\u00fc oldu\u011funa dikkat \u00e7ekerken, dolay\u0131s\u0131yla uluslar aras\u0131 toplumu Suriye&#8217;de g\u00fcvenlik ve bar\u0131\u015f\u0131n sa\u011flanmas\u0131na daha fazla \u00e7aba harcamaya \u00e7a\u011f\u0131rd\u0131.<\/p>\n<p>\u201cTekfirci ter\u00f6r ve d\u0131\u015f provokasyona ra\u011fmen Ma\u015fr\u0131kta kalaca\u011f\u0131z\u201d ifadesinin kullan\u0131ld\u0131\u011f\u0131 beyanda H\u0131ristiyan metropolitler dahil Suriye&#8217;de ka\u00e7\u0131r\u0131lan t\u00fcm vatanda\u015flar\u0131n ailelerine d\u00f6nmeleri i\u00e7in vicdan ve d\u00fcr\u00fcstl\u00fckle \u00e7abalar\u0131n yo\u011funla\u015ft\u0131r\u0131lmas\u0131 talep edildi.<\/p>\n","protected":false},"excerpt":{"rendered":"<p>\u015eAM \u2013 Antakya ve T\u00fcm Do\u011fu Rum Ortodokslar Antakya Konferans\u0131 Uluslar aras\u0131 toplumu ba\u015fta Suriye olmak \u00fczere Ma\u015fr\u0131kta ya\u015fananlara hak g\u00f6z\u00fcyle bakmaya davet etti. Konferans yay\u0131nlad\u0131\u011f\u0131 ve SANA\u2019n\u0131n bir n\u00fcshas\u0131n\u0131 ald\u0131\u011f\u0131 beyan\u0131nda Suriye&#8217;nin Ma\u015fr\u0131k ve t\u00fcm d\u00fcnyan bar\u0131\u015f garant\u00f6r\u00fc oldu\u011funa dikkat \u00e7ekerken, dolay\u0131s\u0131yla uluslar aras\u0131 toplumu Suriye&#8217;de g\u00fcvenlik ve bar\u0131\u015f\u0131n sa\u011flanmas\u0131na daha fazla \u00e7aba harcamaya &hellip;<\/p>\n","protected":false},"author":1,"featured_media":4159,"comment_status":"closed","ping_status":"closed","sticky":false,"template":"","format":"standard","meta":{"footnotes":""},"categories":[479,447,478],"tags":[902],"class_list":["post-4158","post","type-post","status-publish","format-standard","has-post-thumbnail","","category-haberler-yerel","category-politika","category-yerel","tag-uluslararasi-toplumu-hak-gozuyle-bakmaya-cagirdi"],"_links":{"self":[{"href":"https:\/\/archive.sana.sy\/tr\/index.php?rest_route=\/wp\/v2\/posts\/4158","targetHints":{"allow":["GET"]}}],"collection":[{"href":"https:\/\/archive.sana.sy\/tr\/index.php?rest_route=\/wp\/v2\/posts"}],"about":[{"href":"https:\/\/archive.sana.sy\/tr\/index.php?rest_route=\/wp\/v2\/types\/post"}],"author":[{"embeddable":true,"href":"https:\/\/archive.sana.sy\/tr\/index.php?rest_route=\/wp\/v2\/users\/1"}],"replies":[{"embeddable":true,"href":"https:\/\/archive.sana.sy\/tr\/index.php?rest_route=%2Fwp%2Fv2%2Fcomments&post=4158"}],"version-history":[{"count":0,"href":"https:\/\/archive.sana.sy\/tr\/index.php?rest_route=\/wp\/v2\/posts\/4158\/revisions"}],"wp:featuredmedia":[{"embeddable":true,"href":"https:\/\/archive.sana.sy\/tr\/index.php?rest_route=\/wp\/v2\/media\/4159"}],"wp:attachment":[{"href":"https:\/\/archive.sana.sy\/tr\/index.php?rest_route=%2Fwp%2Fv2%2Fmedia&parent=4158"}],"wp:term":[{"taxonomy":"category","embeddable":true,"href":"https:\/\/archive.sana.sy\/tr\/index.php?rest_route=%2Fwp%2Fv2%2Fcategories&post=4158"},{"taxonomy":"post_tag","embeddable":true,"href":"https:\/\/archive.sana.sy\/tr\/index.php?rest_route=%2Fwp%2Fv2%2Ftags&post=4158"}],"curies":[{"name":"wp","href":"https:\/\/api.w.org\/{rel}","templated":true}]}}