{"id":41588,"date":"2015-07-26T16:30:56","date_gmt":"2015-07-26T13:30:56","guid":{"rendered":"http:\/\/www.sana.sy\/tr\/?p=41588"},"modified":"2015-07-26T16:39:18","modified_gmt":"2015-07-26T13:39:18","slug":"sananin-haseke-muhabiri-ordu-birliklerimizin-haseke-kentinde-dogu-nesva-ve-leyliye-semtlerini-isid-tekfircilerinden-temizleyip-guvenlik-ve-kontrolu-saglamalari-ardindan-iki-semt-ahalisinin-ev","status":"publish","type":"post","link":"https:\/\/archive.sana.sy\/tr\/?p=41588","title":{"rendered":"SANA\u2019n\u0131n Haseke muhabiri ordu birliklerimizin Haseke Kentinde Do\u011fu Ne\u015fva ve Leyliye semtlerini I\u015e\u0130D tekfircilerinden temizleyip g\u00fcvenlik ve kontrol\u00fc sa\u011flamalar\u0131 ard\u0131ndan iki semt ahalisinin evlerine d\u00f6nmek i\u00e7in ak\u0131n ettiklerini belirtti"},"content":{"rendered":"<p>SANA\u2019n\u0131n Haseke muhabiri ordu birliklerimizin Haseke Kentinde Do\u011fu Ne\u015fva ve Leyliye semtlerini I\u015e\u0130D tekfircilerinden temizleyip g\u00fcvenlik ve kontrol\u00fc sa\u011flamalar\u0131 ard\u0131ndan iki semt ahalisinin evlerine d\u00f6nmek i\u00e7in ak\u0131n ettiklerini belirtti<\/p>\n","protected":false},"excerpt":{"rendered":"<p>SANA\u2019n\u0131n Haseke muhabiri ordu birliklerimizin Haseke Kentinde Do\u011fu Ne\u015fva ve Leyliye semtlerini I\u015e\u0130D tekfircilerinden temizleyip g\u00fcvenlik ve kontrol\u00fc sa\u011flamalar\u0131 ard\u0131ndan iki semt ahalisinin evlerine d\u00f6nmek i\u00e7in ak\u0131n ettiklerini belirtti<\/p>\n","protected":false},"author":1,"featured_media":0,"comment_status":"closed","ping_status":"closed","sticky":false,"template":"","format":"standard","meta":{"footnotes":""},"categories":[1],"tags":[],"class_list":["post-41588","post","type-post","status-publish","format-standard","","category-news-not-sorted"],"_links":{"self":[{"href":"https:\/\/archive.sana.sy\/tr\/index.php?rest_route=\/wp\/v2\/posts\/41588","targetHints":{"allow":["GET"]}}],"collection":[{"href":"https:\/\/archive.sana.sy\/tr\/index.php?rest_route=\/wp\/v2\/posts"}],"about":[{"href":"https:\/\/archive.sana.sy\/tr\/index.php?rest_route=\/wp\/v2\/types\/post"}],"author":[{"embeddable":true,"href":"https:\/\/archive.sana.sy\/tr\/index.php?rest_route=\/wp\/v2\/users\/1"}],"replies":[{"embeddable":true,"href":"https:\/\/archive.sana.sy\/tr\/index.php?rest_route=%2Fwp%2Fv2%2Fcomments&post=41588"}],"version-history":[{"count":0,"href":"https:\/\/archive.sana.sy\/tr\/index.php?rest_route=\/wp\/v2\/posts\/41588\/revisions"}],"wp:attachment":[{"href":"https:\/\/archive.sana.sy\/tr\/index.php?rest_route=%2Fwp%2Fv2%2Fmedia&parent=41588"}],"wp:term":[{"taxonomy":"category","embeddable":true,"href":"https:\/\/archive.sana.sy\/tr\/index.php?rest_route=%2Fwp%2Fv2%2Fcategories&post=41588"},{"taxonomy":"post_tag","embeddable":true,"href":"https:\/\/archive.sana.sy\/tr\/index.php?rest_route=%2Fwp%2Fv2%2Ftags&post=41588"}],"curies":[{"name":"wp","href":"https:\/\/api.w.org\/{rel}","templated":true}]}}