{"id":41612,"date":"2015-07-27T08:30:33","date_gmt":"2015-07-27T05:30:33","guid":{"rendered":"http:\/\/www.sana.sy\/tr\/?p=41612"},"modified":"2015-07-27T09:26:39","modified_gmt":"2015-07-27T06:26:39","slug":"elektrik-bakanligi-hizmet-durumunun-iyilestirilmesi-icin-cabalar-suruyor","status":"publish","type":"post","link":"https:\/\/archive.sana.sy\/tr\/?p=41612","title":{"rendered":"Elektrik Bakanl\u0131\u011f\u0131: Hizmet Durumunun \u0130yile\u015ftirilmesi \u0130\u00e7in \u00c7abalar S\u00fcr\u00fcyor"},"content":{"rendered":"<p>\u015eAM \u2013 Elektrik Bakanl\u0131\u011f\u0131, \u00f6n\u00fcm\u00fczdeki g\u00fcnlerde elektrik enerjisi hizmeti durumunun iyile\u015ftirilmesi i\u00e7in ilgili taraflarla birlikte \u00e7abalar\u0131n\u0131 s\u00fcrd\u00fcrd\u00fc\u011f\u00fcn\u00fc a\u00e7\u0131klad\u0131.<\/p>\n<p>Elektrik Bakanl\u0131\u011f\u0131ndan bir kaynak d\u00fcn SANA\u2019ya yapt\u0131\u011f\u0131 a\u00e7\u0131klamada, elektrik enerjisindeki noksanl\u0131\u011f\u0131n ve tasarruf saatlerinin fazlal\u0131\u011f\u0131n\u0131n belirli bir s\u00fcrede sona erecek istisnai bir durum oldu\u011funu ifade ederek bu noksanl\u0131\u011f\u0131n silahl\u0131 ter\u00f6r gruplar\u0131n\u0131n petrol ve enerji sekt\u00f6rlerine y\u00f6nelik sald\u0131r\u0131lar\u0131ndan kaynakland\u0131\u011f\u0131n\u0131 belirtti.<\/p>\n<p>Kaynak, silahl\u0131 ter\u00f6r gruplar\u0131n\u0131n sald\u0131r\u0131lar\u0131ndan kaynakl\u0131 bu s\u0131k\u0131nt\u0131lar\u0131n giderilmesi i\u00e7in ilgili taraflarla koordinasyon i\u00e7erisinde m\u00fcmk\u00fcn olan b\u00fct\u00fcn \u00e7aban\u0131n s\u00fcrd\u00fc\u011f\u00fcn\u00fc vurgulad\u0131.<\/p>\n<p>F.B. &#8211; R.H.<\/p>\n","protected":false},"excerpt":{"rendered":"<p>\u015eAM \u2013 Elektrik Bakanl\u0131\u011f\u0131, \u00f6n\u00fcm\u00fczdeki g\u00fcnlerde elektrik enerjisi hizmeti durumunun iyile\u015ftirilmesi i\u00e7in ilgili taraflarla birlikte \u00e7abalar\u0131n\u0131 s\u00fcrd\u00fcrd\u00fc\u011f\u00fcn\u00fc a\u00e7\u0131klad\u0131. Elektrik Bakanl\u0131\u011f\u0131ndan bir kaynak d\u00fcn SANA\u2019ya yapt\u0131\u011f\u0131 a\u00e7\u0131klamada, elektrik enerjisindeki noksanl\u0131\u011f\u0131n ve tasarruf saatlerinin fazlal\u0131\u011f\u0131n\u0131n belirli bir s\u00fcrede sona erecek istisnai bir durum oldu\u011funu ifade ederek bu noksanl\u0131\u011f\u0131n silahl\u0131 ter\u00f6r gruplar\u0131n\u0131n petrol ve enerji sekt\u00f6rlerine y\u00f6nelik sald\u0131r\u0131lar\u0131ndan &hellip;<\/p>\n","protected":false},"author":1,"featured_media":41613,"comment_status":"closed","ping_status":"closed","sticky":false,"template":"","format":"standard","meta":{"footnotes":""},"categories":[479,478],"tags":[15989,15990],"class_list":["post-41612","post","type-post","status-publish","format-standard","has-post-thumbnail","","category-haberler-yerel","category-yerel","tag-elektrik-bakanligi-hizmet-durumunun-iyilestirilmesi-icin-cabalar-suruyor-sam-elektrik-bakanligi","tag-onumuzdeki-gunlerde-elektrik-enerjisi-hizmeti-durumunun-iyilestirilmesi-icin-ilgili-taraflarla-birlikte-cabalarini-surdurdugunu-acikladi"],"_links":{"self":[{"href":"https:\/\/archive.sana.sy\/tr\/index.php?rest_route=\/wp\/v2\/posts\/41612","targetHints":{"allow":["GET"]}}],"collection":[{"href":"https:\/\/archive.sana.sy\/tr\/index.php?rest_route=\/wp\/v2\/posts"}],"about":[{"href":"https:\/\/archive.sana.sy\/tr\/index.php?rest_route=\/wp\/v2\/types\/post"}],"author":[{"embeddable":true,"href":"https:\/\/archive.sana.sy\/tr\/index.php?rest_route=\/wp\/v2\/users\/1"}],"replies":[{"embeddable":true,"href":"https:\/\/archive.sana.sy\/tr\/index.php?rest_route=%2Fwp%2Fv2%2Fcomments&post=41612"}],"version-history":[{"count":0,"href":"https:\/\/archive.sana.sy\/tr\/index.php?rest_route=\/wp\/v2\/posts\/41612\/revisions"}],"wp:featuredmedia":[{"embeddable":true,"href":"https:\/\/archive.sana.sy\/tr\/index.php?rest_route=\/wp\/v2\/media\/41613"}],"wp:attachment":[{"href":"https:\/\/archive.sana.sy\/tr\/index.php?rest_route=%2Fwp%2Fv2%2Fmedia&parent=41612"}],"wp:term":[{"taxonomy":"category","embeddable":true,"href":"https:\/\/archive.sana.sy\/tr\/index.php?rest_route=%2Fwp%2Fv2%2Fcategories&post=41612"},{"taxonomy":"post_tag","embeddable":true,"href":"https:\/\/archive.sana.sy\/tr\/index.php?rest_route=%2Fwp%2Fv2%2Ftags&post=41612"}],"curies":[{"name":"wp","href":"https:\/\/api.w.org\/{rel}","templated":true}]}}