{"id":41675,"date":"2015-07-29T09:00:08","date_gmt":"2015-07-29T06:00:08","guid":{"rendered":"http:\/\/sana.sy\/tr\/?p=41675"},"modified":"2015-07-29T09:58:14","modified_gmt":"2015-07-29T06:58:14","slug":"ucuncu-mestelhulu-cinar-festivalinden-kareler","status":"publish","type":"post","link":"https:\/\/archive.sana.sy\/tr\/?p=41675","title":{"rendered":"\u00dc\u00e7\u00fcnc\u00fc Me\u015ftelhulu \u00c7\u0131nar Festivalinden Kareler"},"content":{"rendered":"<p>\u00dc\u00e7\u00fcnc\u00fc Me\u015ftelhulu \u00c7\u0131nar Festivalinden Kareler<\/p>\n","protected":false},"excerpt":{"rendered":"<p>\u00dc\u00e7\u00fcnc\u00fc Me\u015ftelhulu \u00c7\u0131nar Festivalinden Kareler<\/p>\n","protected":false},"author":1,"featured_media":41667,"comment_status":"closed","ping_status":"closed","sticky":false,"template":"","format":"standard","meta":{"footnotes":""},"categories":[573],"tags":[16001],"class_list":["post-41675","post","type-post","status-publish","format-standard","has-post-thumbnail","","category-goruntulu-olaylar","tag-ucuncu-mestelhulu-cinar-festivalinden-kareler"],"_links":{"self":[{"href":"https:\/\/archive.sana.sy\/tr\/index.php?rest_route=\/wp\/v2\/posts\/41675","targetHints":{"allow":["GET"]}}],"collection":[{"href":"https:\/\/archive.sana.sy\/tr\/index.php?rest_route=\/wp\/v2\/posts"}],"about":[{"href":"https:\/\/archive.sana.sy\/tr\/index.php?rest_route=\/wp\/v2\/types\/post"}],"author":[{"embeddable":true,"href":"https:\/\/archive.sana.sy\/tr\/index.php?rest_route=\/wp\/v2\/users\/1"}],"replies":[{"embeddable":true,"href":"https:\/\/archive.sana.sy\/tr\/index.php?rest_route=%2Fwp%2Fv2%2Fcomments&post=41675"}],"version-history":[{"count":0,"href":"https:\/\/archive.sana.sy\/tr\/index.php?rest_route=\/wp\/v2\/posts\/41675\/revisions"}],"wp:featuredmedia":[{"embeddable":true,"href":"https:\/\/archive.sana.sy\/tr\/index.php?rest_route=\/wp\/v2\/media\/41667"}],"wp:attachment":[{"href":"https:\/\/archive.sana.sy\/tr\/index.php?rest_route=%2Fwp%2Fv2%2Fmedia&parent=41675"}],"wp:term":[{"taxonomy":"category","embeddable":true,"href":"https:\/\/archive.sana.sy\/tr\/index.php?rest_route=%2Fwp%2Fv2%2Fcategories&post=41675"},{"taxonomy":"post_tag","embeddable":true,"href":"https:\/\/archive.sana.sy\/tr\/index.php?rest_route=%2Fwp%2Fv2%2Ftags&post=41675"}],"curies":[{"name":"wp","href":"https:\/\/api.w.org\/{rel}","templated":true}]}}