{"id":41733,"date":"2015-07-27T15:30:14","date_gmt":"2015-07-27T12:30:14","guid":{"rendered":"http:\/\/www.sana.sy\/tr\/?p=41733"},"modified":"2015-07-27T16:31:30","modified_gmt":"2015-07-27T13:31:30","slug":"askeri-kaynak-idlib-kirsali-ebu-zuhur-han-seyhun-ve-bennis-bolgelerinde-hava-guclerimizin-nusra-cephesine-ait-karargah-ve-araclari-imha-ettiklerini-soyledi","status":"publish","type":"post","link":"https:\/\/archive.sana.sy\/tr\/?p=41733","title":{"rendered":"Askeri kaynak; \u0130dlib k\u0131rsal\u0131 Ebu Zuhur, Han \u015eeyhun ve Benni\u015f b\u00f6lgelerinde hava g\u00fc\u00e7lerimizin Nusra Cephesine ait karargah ve ara\u00e7lar\u0131 imha ettiklerini s\u00f6yledi"},"content":{"rendered":"<p>Askeri kaynak; \u0130dlib k\u0131rsal\u0131 Ebu Zuhur, Han \u015eeyhun ve Benni\u015f b\u00f6lgelerinde hava g\u00fc\u00e7lerimizin Nusra Cephesine ait karargah ve ara\u00e7lar\u0131 imha ettiklerini s\u00f6yledi<\/p>\n","protected":false},"excerpt":{"rendered":"<p>Askeri kaynak; \u0130dlib k\u0131rsal\u0131 Ebu Zuhur, Han \u015eeyhun ve Benni\u015f b\u00f6lgelerinde hava g\u00fc\u00e7lerimizin Nusra Cephesine ait karargah ve ara\u00e7lar\u0131 imha ettiklerini s\u00f6yledi<\/p>\n","protected":false},"author":1,"featured_media":0,"comment_status":"closed","ping_status":"closed","sticky":false,"template":"","format":"standard","meta":{"footnotes":""},"categories":[1],"tags":[],"class_list":["post-41733","post","type-post","status-publish","format-standard","","category-news-not-sorted"],"_links":{"self":[{"href":"https:\/\/archive.sana.sy\/tr\/index.php?rest_route=\/wp\/v2\/posts\/41733","targetHints":{"allow":["GET"]}}],"collection":[{"href":"https:\/\/archive.sana.sy\/tr\/index.php?rest_route=\/wp\/v2\/posts"}],"about":[{"href":"https:\/\/archive.sana.sy\/tr\/index.php?rest_route=\/wp\/v2\/types\/post"}],"author":[{"embeddable":true,"href":"https:\/\/archive.sana.sy\/tr\/index.php?rest_route=\/wp\/v2\/users\/1"}],"replies":[{"embeddable":true,"href":"https:\/\/archive.sana.sy\/tr\/index.php?rest_route=%2Fwp%2Fv2%2Fcomments&post=41733"}],"version-history":[{"count":0,"href":"https:\/\/archive.sana.sy\/tr\/index.php?rest_route=\/wp\/v2\/posts\/41733\/revisions"}],"wp:attachment":[{"href":"https:\/\/archive.sana.sy\/tr\/index.php?rest_route=%2Fwp%2Fv2%2Fmedia&parent=41733"}],"wp:term":[{"taxonomy":"category","embeddable":true,"href":"https:\/\/archive.sana.sy\/tr\/index.php?rest_route=%2Fwp%2Fv2%2Fcategories&post=41733"},{"taxonomy":"post_tag","embeddable":true,"href":"https:\/\/archive.sana.sy\/tr\/index.php?rest_route=%2Fwp%2Fv2%2Ftags&post=41733"}],"curies":[{"name":"wp","href":"https:\/\/api.w.org\/{rel}","templated":true}]}}