{"id":41773,"date":"2015-07-28T09:10:15","date_gmt":"2015-07-28T06:10:15","guid":{"rendered":"http:\/\/www.sana.sy\/tr\/?p=41773"},"modified":"2015-07-28T14:50:08","modified_gmt":"2015-07-28T11:50:08","slug":"askeri-kaynak-dera-ve-kirsalinda-israil-ve-urdun-destekli-teroristlere-yonelik-operasyonlari-kapsaminda-bugun-dera-beledte-aziz-camiinin-guneyinde-teroristlerin-kullandiklari-bir-tuneli-muhte","status":"publish","type":"post","link":"https:\/\/archive.sana.sy\/tr\/?p=41773","title":{"rendered":"Askeri kaynak Dera ve k\u0131rsal\u0131nda \u0130srail ve \u00dcrd\u00fcn destekli ter\u00f6ristlere y\u00f6nelik operasyonlar\u0131 kapsam\u0131nda bug\u00fcn Dera Beled\u2019te Aziz Camiinin g\u00fcneyinde ter\u00f6ristlerin kulland\u0131klar\u0131 bir t\u00fcneli muhtevalar\u0131yla imha ettiklerini belirtti. Kaynak operasyonda 15 ter\u00f6ristin \u00f6l\u00fc, 10 ter\u00f6ristin de yaral\u0131 d\u00fc\u015f\u00fcr\u00fcld\u00fc\u011f\u00fcn\u00fc aktard\u0131"},"content":{"rendered":"<p>Askeri kaynak Dera ve k\u0131rsal\u0131nda \u0130srail ve \u00dcrd\u00fcn destekli ter\u00f6ristlere y\u00f6nelik operasyonlar\u0131 kapsam\u0131nda bug\u00fcn Dera Beled\u2019te Aziz Camiinin g\u00fcneyinde ter\u00f6ristlerin kulland\u0131klar\u0131 bir t\u00fcneli muhtevalar\u0131yla imha ettiklerini belirtti. Kaynak operasyonda 15 ter\u00f6ristin \u00f6l\u00fc, 10 ter\u00f6ristin de yaral\u0131 d\u00fc\u015f\u00fcr\u00fcld\u00fc\u011f\u00fcn\u00fc aktard\u0131<\/p>\n","protected":false},"excerpt":{"rendered":"<p>Askeri kaynak Dera ve k\u0131rsal\u0131nda \u0130srail ve \u00dcrd\u00fcn destekli ter\u00f6ristlere y\u00f6nelik operasyonlar\u0131 kapsam\u0131nda bug\u00fcn Dera Beled\u2019te Aziz Camiinin g\u00fcneyinde ter\u00f6ristlerin kulland\u0131klar\u0131 bir t\u00fcneli muhtevalar\u0131yla imha ettiklerini belirtti. Kaynak operasyonda 15 ter\u00f6ristin \u00f6l\u00fc, 10 ter\u00f6ristin de yaral\u0131 d\u00fc\u015f\u00fcr\u00fcld\u00fc\u011f\u00fcn\u00fc aktard\u0131<\/p>\n","protected":false},"author":1,"featured_media":0,"comment_status":"closed","ping_status":"closed","sticky":false,"template":"","format":"standard","meta":{"footnotes":""},"categories":[1],"tags":[],"class_list":["post-41773","post","type-post","status-publish","format-standard","","category-news-not-sorted"],"_links":{"self":[{"href":"https:\/\/archive.sana.sy\/tr\/index.php?rest_route=\/wp\/v2\/posts\/41773","targetHints":{"allow":["GET"]}}],"collection":[{"href":"https:\/\/archive.sana.sy\/tr\/index.php?rest_route=\/wp\/v2\/posts"}],"about":[{"href":"https:\/\/archive.sana.sy\/tr\/index.php?rest_route=\/wp\/v2\/types\/post"}],"author":[{"embeddable":true,"href":"https:\/\/archive.sana.sy\/tr\/index.php?rest_route=\/wp\/v2\/users\/1"}],"replies":[{"embeddable":true,"href":"https:\/\/archive.sana.sy\/tr\/index.php?rest_route=%2Fwp%2Fv2%2Fcomments&post=41773"}],"version-history":[{"count":0,"href":"https:\/\/archive.sana.sy\/tr\/index.php?rest_route=\/wp\/v2\/posts\/41773\/revisions"}],"wp:attachment":[{"href":"https:\/\/archive.sana.sy\/tr\/index.php?rest_route=%2Fwp%2Fv2%2Fmedia&parent=41773"}],"wp:term":[{"taxonomy":"category","embeddable":true,"href":"https:\/\/archive.sana.sy\/tr\/index.php?rest_route=%2Fwp%2Fv2%2Fcategories&post=41773"},{"taxonomy":"post_tag","embeddable":true,"href":"https:\/\/archive.sana.sy\/tr\/index.php?rest_route=%2Fwp%2Fv2%2Ftags&post=41773"}],"curies":[{"name":"wp","href":"https:\/\/api.w.org\/{rel}","templated":true}]}}