{"id":4179,"date":"2014-06-29T12:14:18","date_gmt":"2014-06-29T09:14:18","guid":{"rendered":"http:\/\/www.sana.sy\/tr\/?p=4179"},"modified":"2014-06-29T12:14:18","modified_gmt":"2014-06-29T09:14:18","slug":"en-tehlikeli-teror-orgutlerine-karsi-savasiyor","status":"publish","type":"post","link":"https:\/\/archive.sana.sy\/tr\/?p=4179","title":{"rendered":"En Tehlikeli Ter\u00f6r \u00d6rg\u00fctlerine Kar\u015f\u0131 Sava\u015f\u0131yor"},"content":{"rendered":"<p><span style=\"color: #800000\">V\u0130YANA \u2013<\/span> Avusturyal\u0131 Wiener Zeitung Gazetesi Suriye&#8217;nin b\u00f6lgede en tehlikeli ter\u00f6r \u00f6rg\u00fctlerine kar\u015f\u0131 uzun ve tehlikeli bir sava\u015f verdi\u011fini belirtti.<\/p>\n<p>Gazete bug\u00fcn web sitesinde yay\u0131nlad\u0131\u011f\u0131 makalesinde; Suriye&#8217;nin sava\u015ft\u0131\u011f\u0131 ter\u00f6r \u00f6rg\u00fctlerinin b\u00f6lgede daha fazla yay\u0131lma tehlikesine kar\u015f\u0131 uyard\u0131.<\/p>\n<p>Suriye y\u00f6netiminin daha \u00f6nce ABD ve Bat\u0131l\u0131 devletleri \u2018Irak ve \u015eam \u0130slami Devleti, Nusra Cephesi ve daha ba\u015fka ter\u00f6r \u00f6rg\u00fctlerinin tehlikesine kar\u015f\u0131 uyard\u0131\u011f\u0131n\u0131 hat\u0131rlatan Gazete; Bat\u0131l\u0131lar\u0131n s\u00f6z konusu ter\u00f6r \u00f6rg\u00fctlerinin tehlikesini gecikmi\u015f bir \u015fekilde idrak etmeye ba\u015flad\u0131\u011f\u0131na dikkat \u00e7ekti.<\/p>\n<p>Avusturyal\u0131 Gazete Avrupal\u0131 diplomatlar, politikac\u0131lar ve uzmanlar\u0131n son zamanlarda h\u00fck\u00fcmetlerini Suriye ile diyaloga d\u00f6nmeye \u00e7a\u011f\u0131rd\u0131klar\u0131n\u0131 belirtti.<\/p>\n<p>Avusturyal\u0131 Dir Standart Gazetesi ise ABD idaresinin Suriye krizi konusunda hala kendi ekseninde d\u00f6n\u00fcp durdu\u011funa i\u015faret ederek, bunun da \u2018Suriye muhalefetine\u2019 deste\u011findeki tutumunda net bir \u015fekilde ortaya \u00e7\u0131kt\u0131\u011f\u0131n\u0131 belirtti.<\/p>\n<p>ABD Ba\u015fkan\u0131 Barack Obama\u2019n\u0131n iki y\u0131ldan fazla bir s\u00fcredir Washington\u2019un tam deste\u011fine ra\u011fmen \u2018Suriye muhalefetinin\u2019 ba\u015far\u0131s\u0131z d\u00fc\u015ft\u00fc\u011f\u00fcn\u00fc ve hedeflerinin de vahim oldu\u011funu s\u00f6yledi\u011fine dikkat \u00e7ekti.<\/p>\n<p>ABD idaresinin Suriye&#8217;de \u2018\u0131l\u0131ml\u0131 muhalefeti\u2019 destekleme ve ayn\u0131 zamanda ter\u00f6ristlere darbe indirme konusundaki a\u00e7\u0131klamalar\u0131yla alay eden Gazete; ABD idaresinin Suriye&#8217;de silahl\u0131 gruplara verdi\u011fi deste\u011fin sonu\u00e7lar\u0131n\u0131 dengeli bir \u015fekilde analiz etmedi\u011fini ifade etti.<\/p>\n","protected":false},"excerpt":{"rendered":"<p>V\u0130YANA \u2013 Avusturyal\u0131 Wiener Zeitung Gazetesi Suriye&#8217;nin b\u00f6lgede en tehlikeli ter\u00f6r \u00f6rg\u00fctlerine kar\u015f\u0131 uzun ve tehlikeli bir sava\u015f verdi\u011fini belirtti. Gazete bug\u00fcn web sitesinde yay\u0131nlad\u0131\u011f\u0131 makalesinde; Suriye&#8217;nin sava\u015ft\u0131\u011f\u0131 ter\u00f6r \u00f6rg\u00fctlerinin b\u00f6lgede daha fazla yay\u0131lma tehlikesine kar\u015f\u0131 uyard\u0131. Suriye y\u00f6netiminin daha \u00f6nce ABD ve Bat\u0131l\u0131 devletleri \u2018Irak ve \u015eam \u0130slami Devleti, Nusra Cephesi ve daha ba\u015fka &hellip;<\/p>\n","protected":false},"author":1,"featured_media":4180,"comment_status":"closed","ping_status":"closed","sticky":false,"template":"","format":"standard","meta":{"footnotes":""},"categories":[556,559,447],"tags":[903],"class_list":["post-4179","post","type-post","status-publish","format-standard","has-post-thumbnail","","category-basin","category-dunya-basini","category-politika","tag-en-tehlikeli-teror-orgutlerine-karsi-savasiyor"],"_links":{"self":[{"href":"https:\/\/archive.sana.sy\/tr\/index.php?rest_route=\/wp\/v2\/posts\/4179","targetHints":{"allow":["GET"]}}],"collection":[{"href":"https:\/\/archive.sana.sy\/tr\/index.php?rest_route=\/wp\/v2\/posts"}],"about":[{"href":"https:\/\/archive.sana.sy\/tr\/index.php?rest_route=\/wp\/v2\/types\/post"}],"author":[{"embeddable":true,"href":"https:\/\/archive.sana.sy\/tr\/index.php?rest_route=\/wp\/v2\/users\/1"}],"replies":[{"embeddable":true,"href":"https:\/\/archive.sana.sy\/tr\/index.php?rest_route=%2Fwp%2Fv2%2Fcomments&post=4179"}],"version-history":[{"count":0,"href":"https:\/\/archive.sana.sy\/tr\/index.php?rest_route=\/wp\/v2\/posts\/4179\/revisions"}],"wp:featuredmedia":[{"embeddable":true,"href":"https:\/\/archive.sana.sy\/tr\/index.php?rest_route=\/wp\/v2\/media\/4180"}],"wp:attachment":[{"href":"https:\/\/archive.sana.sy\/tr\/index.php?rest_route=%2Fwp%2Fv2%2Fmedia&parent=4179"}],"wp:term":[{"taxonomy":"category","embeddable":true,"href":"https:\/\/archive.sana.sy\/tr\/index.php?rest_route=%2Fwp%2Fv2%2Fcategories&post=4179"},{"taxonomy":"post_tag","embeddable":true,"href":"https:\/\/archive.sana.sy\/tr\/index.php?rest_route=%2Fwp%2Fv2%2Ftags&post=4179"}],"curies":[{"name":"wp","href":"https:\/\/api.w.org\/{rel}","templated":true}]}}