{"id":41834,"date":"2015-07-28T21:03:02","date_gmt":"2015-07-28T18:03:02","guid":{"rendered":"http:\/\/sana.sy\/tr\/?p=41834"},"modified":"2015-07-29T15:55:36","modified_gmt":"2015-07-29T12:55:36","slug":"cabalar-devletlerin-egemenligi-ve-halklarin-cikarlari-temellerine-dayanmalidir","status":"publish","type":"post","link":"https:\/\/archive.sana.sy\/tr\/?p=41834","title":{"rendered":"\u00c7abalar Devletlerin Egemenli\u011fi ve Halklar\u0131n \u00c7\u0131karlar\u0131 Temellerine Dayanmal\u0131d\u0131r"},"content":{"rendered":"<p>\u015eAM \u2013 Cumhurba\u015fkan\u0131 Be\u015f\u015far el Esad bug\u00fcn sabah saatlerinde Irak Ba\u015fbakan\u0131 Haydar Abbadi\u2019nin \u00f6zel temsilcisi ve ulusal g\u00fcvenlik m\u00fcste\u015far\u0131 Falih Fayyad\u2019\u0131 kabul etti.<\/p>\n<p>Karde\u015f Suriye ve Irak halklar\u0131n\u0131n ter\u00f6r ve destek\u00e7ilerine kar\u015f\u0131 ayn\u0131 m\u00fccadeleyi verdiklerinin belirtildi\u011fi g\u00f6r\u00fc\u015fmede; iki karde\u015f halk\u0131n iki \u00fclke topraklar\u0131n\u0131n tamamen ter\u00f6rden temizlenmesine dek ter\u00f6r \u00f6rg\u00fctlerine kar\u015f\u0131 sava\u015flar\u0131n\u0131 s\u00fcrd\u00fcrme azim ve kararl\u0131l\u0131\u011f\u0131nda olduklar\u0131 vurguland\u0131.<\/p>\n<p>G\u00f6r\u00fc\u015fmede \u00f6zellikle Suriye ve Irak olmak \u00fczere b\u00f6lgenin maruz kald\u0131\u011f\u0131 ter\u00f6r t\u0131rmand\u0131rmalar\u0131 sonucundaki tehlike durumlar ele al\u0131n\u0131rken, tekfirci ter\u00f6r \u00f6rg\u00fctlere kar\u015f\u0131 m\u00fccadelede iki karde\u015f \u00fclke aras\u0131ndaki i\u015fbirli\u011fi ve koordinasyonun daha \u00e7ok peki\u015ftirilmesi \u00f6neminin alt\u0131 \u00e7izildi. \u0130ki taraf d\u0131\u015f g\u00fc\u00e7lerin destekledikleri tekfirci ter\u00f6r \u00f6rg\u00fctlerin iki \u00fclke halklar\u0131, olanaklar\u0131 ve varl\u0131klar\u0131na kar\u015f\u0131 e\u015fi benzeri g\u00f6r\u00fclmemi\u015f vah\u015fet dolu eylemlerde bulunduklar\u0131na dikkat \u00e7ekti.<\/p>\n<p>\u0130ki \u00fclkenin her birinde ter\u00f6r \u00f6rg\u00fctlere kar\u015f\u0131 sa\u011flanacak herhangi bir ba\u015far\u0131 yada ilerlemenin di\u011fer \u00fclkenin \u00e7\u0131kar\u0131na olumlu yans\u0131yaca\u011f\u0131 konusunda g\u00f6r\u00fc\u015f birli\u011finin kaydedildi\u011fi g\u00f6r\u00fc\u015fmede; ter\u00f6r\u00fcn vatan\u0131, dini yada s\u0131n\u0131r\u0131 olmad\u0131\u011f\u0131 vurguland\u0131. Ayn\u0131 zamanda ter\u00f6r\u00fcn istisnas\u0131z herkesi hedef ald\u0131\u011f\u0131, b\u00f6lge devletlerini b\u00f6lge halklar\u0131na yabanc\u0131 olan mezhepsel ve etnik adland\u0131rmalar alt\u0131nda zay\u0131flatma ve b\u00f6lmeyi ama\u00e7lad\u0131\u011f\u0131n\u0131n alt\u0131 \u00e7ildi.<\/p>\n<p>Ter\u00f6r olgusuna tamamen son vermenin b\u00f6lgesel ve evrensel d\u00fczeyde zorunlu toplu \u00e7abalar\u0131 gerektirdi\u011finin belirtildi\u011fi g\u00f6r\u00fc\u015fmede; bu \u00e7abalar\u0131n yap\u0131c\u0131 i\u015fbirli\u011fi, devletlerin egemenli\u011fi ve halklar\u0131n \u00e7\u0131karlar\u0131 temellerine dayal\u0131 olmas\u0131n\u0131n gere\u011fine dikkat \u00e7ekildi.<\/p>\n<p>G\u00f6r\u00fc\u015fmeye Suriye&#8217;nin Ba\u011fdat B\u00fcy\u00fckel\u00e7isi Sattam Cedan el Dendeh kat\u0131ld\u0131.<\/p>\n<p>A.A. &#8211; M.M.<\/p>\n","protected":false},"excerpt":{"rendered":"<p>\u015eAM \u2013 Cumhurba\u015fkan\u0131 Be\u015f\u015far el Esad bug\u00fcn sabah saatlerinde Irak Ba\u015fbakan\u0131 Haydar Abbadi\u2019nin \u00f6zel temsilcisi ve ulusal g\u00fcvenlik m\u00fcste\u015far\u0131 Falih Fayyad\u2019\u0131 kabul etti. Karde\u015f Suriye ve Irak halklar\u0131n\u0131n ter\u00f6r ve destek\u00e7ilerine kar\u015f\u0131 ayn\u0131 m\u00fccadeleyi verdiklerinin belirtildi\u011fi g\u00f6r\u00fc\u015fmede; iki karde\u015f halk\u0131n iki \u00fclke topraklar\u0131n\u0131n tamamen ter\u00f6rden temizlenmesine dek ter\u00f6r \u00f6rg\u00fctlerine kar\u015f\u0131 sava\u015flar\u0131n\u0131 s\u00fcrd\u00fcrme azim ve kararl\u0131l\u0131\u011f\u0131nda &hellip;<\/p>\n","protected":false},"author":1,"featured_media":41838,"comment_status":"closed","ping_status":"closed","sticky":false,"template":"","format":"standard","meta":{"footnotes":""},"categories":[608,479,605,2554,2555,478],"tags":[16023],"class_list":["post-41834","post","type-post","status-publish","format-standard","has-post-thumbnail","","category-etkinlikler","category-haberler-yerel","category-sayin-cumhurbaskani","category-suriye-ve-dunya","category-suriye-ve-turkiye","category-yerel","tag-cabalar-devletlerin-egemenligi-ve-halklarin-cikarlari-temellerine-dayanmalidir"],"_links":{"self":[{"href":"https:\/\/archive.sana.sy\/tr\/index.php?rest_route=\/wp\/v2\/posts\/41834","targetHints":{"allow":["GET"]}}],"collection":[{"href":"https:\/\/archive.sana.sy\/tr\/index.php?rest_route=\/wp\/v2\/posts"}],"about":[{"href":"https:\/\/archive.sana.sy\/tr\/index.php?rest_route=\/wp\/v2\/types\/post"}],"author":[{"embeddable":true,"href":"https:\/\/archive.sana.sy\/tr\/index.php?rest_route=\/wp\/v2\/users\/1"}],"replies":[{"embeddable":true,"href":"https:\/\/archive.sana.sy\/tr\/index.php?rest_route=%2Fwp%2Fv2%2Fcomments&post=41834"}],"version-history":[{"count":0,"href":"https:\/\/archive.sana.sy\/tr\/index.php?rest_route=\/wp\/v2\/posts\/41834\/revisions"}],"wp:featuredmedia":[{"embeddable":true,"href":"https:\/\/archive.sana.sy\/tr\/index.php?rest_route=\/wp\/v2\/media\/41838"}],"wp:attachment":[{"href":"https:\/\/archive.sana.sy\/tr\/index.php?rest_route=%2Fwp%2Fv2%2Fmedia&parent=41834"}],"wp:term":[{"taxonomy":"category","embeddable":true,"href":"https:\/\/archive.sana.sy\/tr\/index.php?rest_route=%2Fwp%2Fv2%2Fcategories&post=41834"},{"taxonomy":"post_tag","embeddable":true,"href":"https:\/\/archive.sana.sy\/tr\/index.php?rest_route=%2Fwp%2Fv2%2Ftags&post=41834"}],"curies":[{"name":"wp","href":"https:\/\/api.w.org\/{rel}","templated":true}]}}