{"id":41842,"date":"2015-07-28T20:16:06","date_gmt":"2015-07-28T17:16:06","guid":{"rendered":"http:\/\/sana.sy\/tr\/?p=41842"},"modified":"2015-07-28T20:40:41","modified_gmt":"2015-07-28T17:40:41","slug":"el-esad-iki-yasama-kararini-onayladi-2","status":"publish","type":"post","link":"https:\/\/archive.sana.sy\/tr\/?p=41842","title":{"rendered":"El Esad \u0130ki Yasama Karar\u0131n\u0131 Onaylad\u0131"},"content":{"rendered":"<p>\u015eAM \u2013 Cumhurba\u015fkan\u0131 Be\u015f\u015far el Esad bug\u00fcn 2015\/11 ve 2015\/12 say\u0131l\u0131 yasama kararlar\u0131n\u0131 onaylad\u0131.<\/p>\n<p>2015\/11 say\u0131l\u0131 yasama karar\u0131 2011\/107 say\u0131l\u0131 yerel idare kanununun birinci maddesinin d\u00fczeltilmesini \u00f6ng\u00f6r\u00fcyor. Halk Meclisinin 22 Temmuz 2015 tarihli oturumunda tart\u0131\u015f\u0131p onaylamas\u0131 ard\u0131ndan cumhurba\u015fkan\u0131na g\u00f6nderdi\u011fi yasama karar\u0131 gere\u011fince valinin g\u00f6revinden al\u0131nmas\u0131 yada kanuni g\u0131yab\u0131 halinde y\u00fcr\u00fctme otoritesinin temsilcisi olarak valinin yetkilerini il emniyet m\u00fcd\u00fcr\u00fc al\u0131yor. Ayn\u0131 zamanda icra ofisi \u00e7al\u0131\u015fmalar\u0131nda ise ofis ba\u015fkan\u0131 valinin yetkilerini al\u0131r.<\/p>\n<p>Halk Meclisinin yine 22 Temmuz 2015 tarihli oturumunda tart\u0131\u015f\u0131p onaylad\u0131\u011f\u0131 2015\/12 tarihli yasama karar\u0131 ise turizm ve emlak sekt\u00f6rlerinde ger\u00e7ek gelir vergisi ve eklemelerine ilaveten t\u00fcketim harcamalar\u0131, direk har\u00e7 ve vergilerin 31 Aral\u0131k 2015 tarihine kadar \u00f6denmesi halinde cezalardan muaf tutulmas\u0131n\u0131 \u00f6ng\u00f6r\u00fcyor.<\/p>\n<p>A.A. &#8211; M.M.<\/p>\n","protected":false},"excerpt":{"rendered":"<p>\u015eAM \u2013 Cumhurba\u015fkan\u0131 Be\u015f\u015far el Esad bug\u00fcn 2015\/11 ve 2015\/12 say\u0131l\u0131 yasama kararlar\u0131n\u0131 onaylad\u0131. 2015\/11 say\u0131l\u0131 yasama karar\u0131 2011\/107 say\u0131l\u0131 yerel idare kanununun birinci maddesinin d\u00fczeltilmesini \u00f6ng\u00f6r\u00fcyor. Halk Meclisinin 22 Temmuz 2015 tarihli oturumunda tart\u0131\u015f\u0131p onaylamas\u0131 ard\u0131ndan cumhurba\u015fkan\u0131na g\u00f6nderdi\u011fi yasama karar\u0131 gere\u011fince valinin g\u00f6revinden al\u0131nmas\u0131 yada kanuni g\u0131yab\u0131 halinde y\u00fcr\u00fctme otoritesinin temsilcisi olarak valinin yetkilerini &hellip;<\/p>\n","protected":false},"author":1,"featured_media":39386,"comment_status":"closed","ping_status":"closed","sticky":false,"template":"","format":"standard","meta":{"footnotes":""},"categories":[479,605,612,599,478],"tags":[2280],"class_list":["post-41842","post","type-post","status-publish","format-standard","has-post-thumbnail","","category-haberler-yerel","category-sayin-cumhurbaskani","category-yasama-kararnameler","category-yasama-ve-kanunlar","category-yerel","tag-el-esad-iki-yasama-kararini-onayladi"],"_links":{"self":[{"href":"https:\/\/archive.sana.sy\/tr\/index.php?rest_route=\/wp\/v2\/posts\/41842","targetHints":{"allow":["GET"]}}],"collection":[{"href":"https:\/\/archive.sana.sy\/tr\/index.php?rest_route=\/wp\/v2\/posts"}],"about":[{"href":"https:\/\/archive.sana.sy\/tr\/index.php?rest_route=\/wp\/v2\/types\/post"}],"author":[{"embeddable":true,"href":"https:\/\/archive.sana.sy\/tr\/index.php?rest_route=\/wp\/v2\/users\/1"}],"replies":[{"embeddable":true,"href":"https:\/\/archive.sana.sy\/tr\/index.php?rest_route=%2Fwp%2Fv2%2Fcomments&post=41842"}],"version-history":[{"count":0,"href":"https:\/\/archive.sana.sy\/tr\/index.php?rest_route=\/wp\/v2\/posts\/41842\/revisions"}],"wp:featuredmedia":[{"embeddable":true,"href":"https:\/\/archive.sana.sy\/tr\/index.php?rest_route=\/wp\/v2\/media\/39386"}],"wp:attachment":[{"href":"https:\/\/archive.sana.sy\/tr\/index.php?rest_route=%2Fwp%2Fv2%2Fmedia&parent=41842"}],"wp:term":[{"taxonomy":"category","embeddable":true,"href":"https:\/\/archive.sana.sy\/tr\/index.php?rest_route=%2Fwp%2Fv2%2Fcategories&post=41842"},{"taxonomy":"post_tag","embeddable":true,"href":"https:\/\/archive.sana.sy\/tr\/index.php?rest_route=%2Fwp%2Fv2%2Ftags&post=41842"}],"curies":[{"name":"wp","href":"https:\/\/api.w.org\/{rel}","templated":true}]}}