{"id":41844,"date":"2015-07-28T20:42:50","date_gmt":"2015-07-28T17:42:50","guid":{"rendered":"http:\/\/sana.sy\/tr\/?p=41844"},"modified":"2015-07-28T20:42:50","modified_gmt":"2015-07-28T17:42:50","slug":"rus-guvenlik-konseyinin-guncemi-suriyedeki-son-durumlar","status":"publish","type":"post","link":"https:\/\/archive.sana.sy\/tr\/?p=41844","title":{"rendered":"Rus G\u00fcvenlik Konseyinin G\u00fcncemi Suriye&#8217;deki Son Durumlar"},"content":{"rendered":"<p>MOSKOVA \u2013 Rusya Federasyonu Ba\u015fkan\u0131 Vladimir Putin bug\u00fcn Rus Milli G\u00fcvenlik Konseyinin daimi \u00fcyeleriyle Suriye&#8217;deki son durumlar\u0131n yan\u0131 s\u0131ra Ukrayna\u2019n\u0131n Donbas B\u00f6lgesindeki durumlar ve I\u015e\u0130D\u2019e kar\u015f\u0131 m\u00fccadele konular\u0131n\u0131 g\u00f6r\u00fc\u015ft\u00fc.<\/p>\n<p>Rus ba\u015fkanl\u0131k saray\u0131 Kremlinin resmi s\u00f6zc\u00fcs\u00fc Dmitry Peskov bug\u00fcn Moskova&#8217;da gazetecilere yapt\u0131\u011f\u0131 a\u00e7\u0131klamada; Putin\u2019in milli g\u00fcvenlik konseyinin daimi \u00fcyeleri ile Rusya\u2019da sosyal ve ekonomik konular\u0131n yan\u0131 s\u0131ra Suriye&#8217;deki son durumlar, Donbas B\u00f6lgesindeki durum ve I\u015e\u0130D\u2019e kar\u015f\u0131 m\u00fccadele yollar\u0131n\u0131 g\u00f6r\u00fc\u015ft\u00fc\u011f\u00fcn\u00fc ifade etti.<\/p>\n<p>Peskov oturuma Rusya ba\u015fbakan\u0131, savunma bakan\u0131, istihbarat cihazlar ba\u015fkanlar\u0131 ve bir\u00e7ok \u00fcst d\u00fczey yetkilisinin kat\u0131ld\u0131\u011f\u0131n\u0131 belirtti.<\/p>\n<p>A.A. &#8211; M.M.<\/p>\n","protected":false},"excerpt":{"rendered":"<p>MOSKOVA \u2013 Rusya Federasyonu Ba\u015fkan\u0131 Vladimir Putin bug\u00fcn Rus Milli G\u00fcvenlik Konseyinin daimi \u00fcyeleriyle Suriye&#8217;deki son durumlar\u0131n yan\u0131 s\u0131ra Ukrayna\u2019n\u0131n Donbas B\u00f6lgesindeki durumlar ve I\u015e\u0130D\u2019e kar\u015f\u0131 m\u00fccadele konular\u0131n\u0131 g\u00f6r\u00fc\u015ft\u00fc. Rus ba\u015fkanl\u0131k saray\u0131 Kremlinin resmi s\u00f6zc\u00fcs\u00fc Dmitry Peskov bug\u00fcn Moskova&#8217;da gazetecilere yapt\u0131\u011f\u0131 a\u00e7\u0131klamada; Putin\u2019in milli g\u00fcvenlik konseyinin daimi \u00fcyeleri ile Rusya\u2019da sosyal ve ekonomik konular\u0131n yan\u0131 &hellip;<\/p>\n","protected":false},"author":1,"featured_media":41845,"comment_status":"closed","ping_status":"closed","sticky":false,"template":"","format":"standard","meta":{"footnotes":""},"categories":[458,459,447],"tags":[],"class_list":["post-41844","post","type-post","status-publish","format-standard","has-post-thumbnail","","category-dunya1","category-haberler-arap-uluslararasi-politika","category-politika"],"_links":{"self":[{"href":"https:\/\/archive.sana.sy\/tr\/index.php?rest_route=\/wp\/v2\/posts\/41844","targetHints":{"allow":["GET"]}}],"collection":[{"href":"https:\/\/archive.sana.sy\/tr\/index.php?rest_route=\/wp\/v2\/posts"}],"about":[{"href":"https:\/\/archive.sana.sy\/tr\/index.php?rest_route=\/wp\/v2\/types\/post"}],"author":[{"embeddable":true,"href":"https:\/\/archive.sana.sy\/tr\/index.php?rest_route=\/wp\/v2\/users\/1"}],"replies":[{"embeddable":true,"href":"https:\/\/archive.sana.sy\/tr\/index.php?rest_route=%2Fwp%2Fv2%2Fcomments&post=41844"}],"version-history":[{"count":0,"href":"https:\/\/archive.sana.sy\/tr\/index.php?rest_route=\/wp\/v2\/posts\/41844\/revisions"}],"wp:featuredmedia":[{"embeddable":true,"href":"https:\/\/archive.sana.sy\/tr\/index.php?rest_route=\/wp\/v2\/media\/41845"}],"wp:attachment":[{"href":"https:\/\/archive.sana.sy\/tr\/index.php?rest_route=%2Fwp%2Fv2%2Fmedia&parent=41844"}],"wp:term":[{"taxonomy":"category","embeddable":true,"href":"https:\/\/archive.sana.sy\/tr\/index.php?rest_route=%2Fwp%2Fv2%2Fcategories&post=41844"},{"taxonomy":"post_tag","embeddable":true,"href":"https:\/\/archive.sana.sy\/tr\/index.php?rest_route=%2Fwp%2Fv2%2Ftags&post=41844"}],"curies":[{"name":"wp","href":"https:\/\/api.w.org\/{rel}","templated":true}]}}