{"id":41848,"date":"2015-07-28T20:52:43","date_gmt":"2015-07-28T17:52:43","guid":{"rendered":"http:\/\/sana.sy\/tr\/?p=41848"},"modified":"2015-07-28T20:52:43","modified_gmt":"2015-07-28T17:52:43","slug":"hasekede-bir-sehit-samda-bir-cocuk-yaralandi","status":"publish","type":"post","link":"https:\/\/archive.sana.sy\/tr\/?p=41848","title":{"rendered":"Haseke\u2019de Bir \u015eehit; \u015eam\u2019da Bir \u00c7ocuk Yaraland\u0131"},"content":{"rendered":"<p>\u0130LLER \u2013 \u2018Il\u0131ml\u0131 muhtelifler\u2019 olarak adland\u0131r\u0131lan ter\u00f6r \u00f6rg\u00fctleri yeniden sivil alanlar\u0131 ve masum insanlar\u0131 hedef ald\u0131.<\/p>\n<p>Haseke Emniyet M\u00fcd\u00fcrl\u00fc\u011f\u00fcnden SANA\u2019ya a\u00e7\u0131klama yapan bir kaynak; I\u015e\u0130D \u00e7etelerinin Haseke k\u0131rsal\u0131n\u0131n do\u011fusu S\u0131llaliye K\u00f6y\u00fc \u00e7evresine d\u00fc\u015fen Huvl yolunda yerle\u015ftirdikleri bir bomba d\u00fczene\u011fini havaya u\u00e7urduklar\u0131n\u0131 belirtti.<\/p>\n<p>Kaynak; bombal\u0131 ter\u00f6r eyleminde bir vatanda\u015f\u0131n \u015fehit d\u00fc\u015ft\u00fc\u011f\u00fcn\u00fc; bir k\u0131z \u00e7ocu\u011fun da yaraland\u0131\u011f\u0131na dikkat \u00e7ekti.<\/p>\n<p>\u00d6te yandan \u015eam Emniyet M\u00fcd\u00fcrl\u00fc\u011f\u00fcnde bir kaynak; ter\u00f6ristlerin f\u0131rlatt\u0131\u011f\u0131 5 havan roketinin \u015eam\u2019\u0131n sivil yerle\u015fim alanlar\u0131ndan Adavi B\u00f6lgesine d\u00fc\u015fmesi sonucunda bir \u00e7ocu\u011fun yaraland\u0131\u011f\u0131n\u0131; \u00f6zel ve kamu m\u00fclklerde b\u00fcy\u00fck maddi hasar\u0131n olu\u015ftu\u011funu ifade etti.<\/p>\n<p>M.M. &#8211; A.A.<\/p>\n","protected":false},"excerpt":{"rendered":"<p>\u0130LLER \u2013 \u2018Il\u0131ml\u0131 muhtelifler\u2019 olarak adland\u0131r\u0131lan ter\u00f6r \u00f6rg\u00fctleri yeniden sivil alanlar\u0131 ve masum insanlar\u0131 hedef ald\u0131. Haseke Emniyet M\u00fcd\u00fcrl\u00fc\u011f\u00fcnden SANA\u2019ya a\u00e7\u0131klama yapan bir kaynak; I\u015e\u0130D \u00e7etelerinin Haseke k\u0131rsal\u0131n\u0131n do\u011fusu S\u0131llaliye K\u00f6y\u00fc \u00e7evresine d\u00fc\u015fen Huvl yolunda yerle\u015ftirdikleri bir bomba d\u00fczene\u011fini havaya u\u00e7urduklar\u0131n\u0131 belirtti. Kaynak; bombal\u0131 ter\u00f6r eyleminde bir vatanda\u015f\u0131n \u015fehit d\u00fc\u015ft\u00fc\u011f\u00fcn\u00fc; bir k\u0131z \u00e7ocu\u011fun da yaraland\u0131\u011f\u0131na &hellip;<\/p>\n","protected":false},"author":1,"featured_media":41849,"comment_status":"closed","ping_status":"closed","sticky":false,"template":"","format":"standard","meta":{"footnotes":""},"categories":[479,575,478],"tags":[16025],"class_list":["post-41848","post","type-post","status-publish","format-standard","has-post-thumbnail","","category-haberler-yerel","category-olaylar-ve-gercekler","category-yerel","tag-hasekede-bir-sehit-samda-bir-cocuk-yaralandi"],"_links":{"self":[{"href":"https:\/\/archive.sana.sy\/tr\/index.php?rest_route=\/wp\/v2\/posts\/41848","targetHints":{"allow":["GET"]}}],"collection":[{"href":"https:\/\/archive.sana.sy\/tr\/index.php?rest_route=\/wp\/v2\/posts"}],"about":[{"href":"https:\/\/archive.sana.sy\/tr\/index.php?rest_route=\/wp\/v2\/types\/post"}],"author":[{"embeddable":true,"href":"https:\/\/archive.sana.sy\/tr\/index.php?rest_route=\/wp\/v2\/users\/1"}],"replies":[{"embeddable":true,"href":"https:\/\/archive.sana.sy\/tr\/index.php?rest_route=%2Fwp%2Fv2%2Fcomments&post=41848"}],"version-history":[{"count":0,"href":"https:\/\/archive.sana.sy\/tr\/index.php?rest_route=\/wp\/v2\/posts\/41848\/revisions"}],"wp:featuredmedia":[{"embeddable":true,"href":"https:\/\/archive.sana.sy\/tr\/index.php?rest_route=\/wp\/v2\/media\/41849"}],"wp:attachment":[{"href":"https:\/\/archive.sana.sy\/tr\/index.php?rest_route=%2Fwp%2Fv2%2Fmedia&parent=41848"}],"wp:term":[{"taxonomy":"category","embeddable":true,"href":"https:\/\/archive.sana.sy\/tr\/index.php?rest_route=%2Fwp%2Fv2%2Fcategories&post=41848"},{"taxonomy":"post_tag","embeddable":true,"href":"https:\/\/archive.sana.sy\/tr\/index.php?rest_route=%2Fwp%2Fv2%2Ftags&post=41848"}],"curies":[{"name":"wp","href":"https:\/\/api.w.org\/{rel}","templated":true}]}}