{"id":41851,"date":"2015-07-29T10:03:45","date_gmt":"2015-07-29T07:03:45","guid":{"rendered":"http:\/\/www.sana.sy\/tr\/?p=41851"},"modified":"2015-07-29T11:05:06","modified_gmt":"2015-07-29T08:05:06","slug":"bekkus-suriye-iliskilerin-kesilmesi-yersiz-oldu","status":"publish","type":"post","link":"https:\/\/archive.sana.sy\/tr\/?p=41851","title":{"rendered":"Bekku\u015f: Suriye \u0130li\u015fkilerin Kesilmesi Yersiz Oldu"},"content":{"rendered":"<p>TUNUS \u2013 Tunus D\u0131\u015fi\u015fleri Bakan\u0131 Tayyip el Bekku\u015f, Suriye ile ili\u015fkilerin kesilmesini yersiz olarak nitelendirdi ve Tunus uzla\u015fmas\u0131n\u0131n \u015eam\u2019da bir temsil konsoloslu\u011fu bulunmas\u0131n\u0131 gerektirdi\u011fini belirtti.<\/p>\n<p>Roters\u2019in d\u00fcn yay\u0131nlad\u0131\u011f\u0131 haberde Bekku\u015f\u2019un yapt\u0131\u011f\u0131 a\u00e7\u0131klamada Suriye ile ili\u015fkilerin kesilmesi taraftar\u0131 olmad\u0131\u011f\u0131n\u0131 dile getirerek Suriye ile ili\u015fkilerin kesilmesini yersiz olarak nitelendirdi\u011fini aktard\u0131.<\/p>\n<p>Arap Devletleri Ligi\u2019nin alm\u0131\u015f oldu\u011fu kararlara ra\u011fmen 9 Arap devletin Suriye&#8217;de b\u00fcy\u00fckel\u00e7ilik ve konsolosluk d\u00fczeyinde temsilcili\u011fi bulundu\u011funa dikkat \u00e7eken Bekku\u015f, Suriye&#8217;de konsolosluk bulunmas\u0131n\u0131n Tunus gurbet\u00e7ileri ve Tunus\u2019un ulusal \u00e7\u0131karlar\u0131na hizmet edece\u011fini belirtti.<\/p>\n<p>F.B. &#8211; R.H.<\/p>\n","protected":false},"excerpt":{"rendered":"<p>TUNUS \u2013 Tunus D\u0131\u015fi\u015fleri Bakan\u0131 Tayyip el Bekku\u015f, Suriye ile ili\u015fkilerin kesilmesini yersiz olarak nitelendirdi ve Tunus uzla\u015fmas\u0131n\u0131n \u015eam\u2019da bir temsil konsoloslu\u011fu bulunmas\u0131n\u0131 gerektirdi\u011fini belirtti. Roters\u2019in d\u00fcn yay\u0131nlad\u0131\u011f\u0131 haberde Bekku\u015f\u2019un yapt\u0131\u011f\u0131 a\u00e7\u0131klamada Suriye ile ili\u015fkilerin kesilmesi taraftar\u0131 olmad\u0131\u011f\u0131n\u0131 dile getirerek Suriye ile ili\u015fkilerin kesilmesini yersiz olarak nitelendirdi\u011fini aktard\u0131. Arap Devletleri Ligi\u2019nin alm\u0131\u015f oldu\u011fu kararlara ra\u011fmen &hellip;<\/p>\n","protected":false},"author":1,"featured_media":41852,"comment_status":"closed","ping_status":"closed","sticky":false,"template":"","format":"standard","meta":{"footnotes":""},"categories":[458,459,447],"tags":[16026,16027],"class_list":["post-41851","post","type-post","status-publish","format-standard","has-post-thumbnail","","category-dunya1","category-haberler-arap-uluslararasi-politika","category-politika","tag-bekkus-suriye-iliskilerin-kesilmesi-yersiz-oldu-tunus-tunus-disisleri-bakani-tayyip-el-bekkus","tag-suriye-ile-iliskilerin-kesilmesini-yersiz-olarak-nitelendirdi-ve-tunus-uzlasmasinin-samda-bir-temsil-konsoloslugu-bulunmasini-gerektirdigini-belirtti"],"_links":{"self":[{"href":"https:\/\/archive.sana.sy\/tr\/index.php?rest_route=\/wp\/v2\/posts\/41851","targetHints":{"allow":["GET"]}}],"collection":[{"href":"https:\/\/archive.sana.sy\/tr\/index.php?rest_route=\/wp\/v2\/posts"}],"about":[{"href":"https:\/\/archive.sana.sy\/tr\/index.php?rest_route=\/wp\/v2\/types\/post"}],"author":[{"embeddable":true,"href":"https:\/\/archive.sana.sy\/tr\/index.php?rest_route=\/wp\/v2\/users\/1"}],"replies":[{"embeddable":true,"href":"https:\/\/archive.sana.sy\/tr\/index.php?rest_route=%2Fwp%2Fv2%2Fcomments&post=41851"}],"version-history":[{"count":0,"href":"https:\/\/archive.sana.sy\/tr\/index.php?rest_route=\/wp\/v2\/posts\/41851\/revisions"}],"wp:featuredmedia":[{"embeddable":true,"href":"https:\/\/archive.sana.sy\/tr\/index.php?rest_route=\/wp\/v2\/media\/41852"}],"wp:attachment":[{"href":"https:\/\/archive.sana.sy\/tr\/index.php?rest_route=%2Fwp%2Fv2%2Fmedia&parent=41851"}],"wp:term":[{"taxonomy":"category","embeddable":true,"href":"https:\/\/archive.sana.sy\/tr\/index.php?rest_route=%2Fwp%2Fv2%2Fcategories&post=41851"},{"taxonomy":"post_tag","embeddable":true,"href":"https:\/\/archive.sana.sy\/tr\/index.php?rest_route=%2Fwp%2Fv2%2Ftags&post=41851"}],"curies":[{"name":"wp","href":"https:\/\/api.w.org\/{rel}","templated":true}]}}