{"id":4187,"date":"2014-06-30T13:10:08","date_gmt":"2014-06-30T10:10:08","guid":{"rendered":"http:\/\/www.sana.sy\/tr\/?p=4187"},"modified":"2014-06-30T14:16:48","modified_gmt":"2014-06-30T11:16:48","slug":"teror-ceteleri-azili-elebaslariyla-birlikte-olduruldu","status":"publish","type":"post","link":"https:\/\/archive.sana.sy\/tr\/?p=4187","title":{"rendered":"Ter\u00f6r \u00c7eteleri Az\u0131l\u0131 Eleba\u015flar\u0131yla Birlikte \u00d6ld\u00fcr\u00fcld\u00fc"},"content":{"rendered":"<p><span style=\"color: #800000\">\u0130LLER \u2013<\/span> Ordu birliklerimiz yurdun muhtelif b\u00f6lgelerinde \u00e7okuluslu ter\u00f6r \u00e7etelerini yuva ve ara\u00e7lar\u0131yla etkisiz hale getirmeye devam ediyor.<\/p>\n<p><span style=\"color: #0000ff\">\u015eam K\u0131rsal\u0131nda Suudili Ter\u00f6ristler \u00d6ld\u00fcr\u00fcld\u00fc<\/span><\/p>\n<p>Askeri bir kaynak ordu birliklerimizin \u015eam k\u0131rsal\u0131n\u0131n Do\u011fu \u011euta B\u00f6lgesinin derinliklerine d\u00fc\u015fen Meydia Beldesinde ter\u00f6ristlerin bir karargah\u0131n\u0131 muhtevalar\u0131yla imha etti\u011fini aktar\u0131rken, karargahta bulunan ve bir k\u0131sm\u0131 Suudili olan t\u00fcm ter\u00f6ristlerin su\u00e7 edatlar\u0131yla birlikte etkisiz hale getirildi\u011fini s\u00f6yledi.<\/p>\n<p>Ordu birliklerimiz Ne\u015f\u015fabiye B\u00f6lgesinde ise aralar\u0131nda az\u0131l\u0131 ter\u00f6ristlerin bulundu\u011fu 20\u2019den fazla ter\u00f6risti yine su\u00e7 edatlar\u0131yla birlikte etkisiz hale getirdi.<br \/>\n\u015eam k\u0131rsal\u0131n\u0131n do\u011fusu Sekba Beldesinde ise ordu birliklerimiz 10 ter\u00f6risti \u00f6l\u00fc, 20\u2019den fazla ter\u00f6risti de yaralama operasyonunda onlara ait cephane ve ara\u00e7lar\u0131 da tahrip etti.<\/p>\n<p>Duma B\u00f6lgesinin el Ub \u00c7iftliklerinde ise ordu birliklerimiz aralar\u0131nda az\u0131l\u0131lar\u0131n bulundu\u011fu \u00e7ok say\u0131da ter\u00f6risti etkisiz hale getirirken, Haresta Kasabas\u0131nda ter\u00f6ristleri kovalayarak bir k\u0131sm\u0131n\u0131 \u00f6l\u00fc yaral\u0131 ele ge\u00e7irdi. Covbar B\u00f6lgesinde ise ordu birliklerimiz 3 ter\u00f6rist \u00f6ld\u00fcrd\u00fc.<\/p>\n<p>Ordu birliklerimiz Zebadani B\u00f6lgesinde ise ter\u00f6ristlerin bir cephaneli\u011fini i\u00e7indeki silah ve m\u00fchimmat\u0131n yan\u0131 s\u0131ra ter\u00f6ristlerle birlikte imha ederken, Han el \u015eiyh, Dareyya ve Rhaybe b\u00f6lgelerinde ter\u00f6r yuvalar\u0131n\u0131 hedef alarak onlarcas\u0131n\u0131 \u00f6l\u00fc yaral\u0131 d\u00fc\u015f\u00fcrd\u00fc.<\/p>\n<p><span style=\"color: #0000ff\">Halep\u2019te G\u00fcvenli B\u00f6lgelere S\u0131zma Giri\u015fimleri \u00c7\u00f6kertildi<\/span><\/p>\n<p>Vatan koruyucular\u0131 ordu birliklerimiz Halep Kentinin E\u015frefiye Semtinde g\u00fcvenli b\u00f6lgelere s\u0131zmaya \u00e7al\u0131\u015fan ter\u00f6r \u00e7etelere kar\u015f\u0131 koyarak b\u00fcy\u00fck bir k\u0131sm\u0131n\u0131 \u00f6l\u00fc yaral\u0131 ele ge\u00e7irdi.<\/p>\n<p>Ordu birliklerimiz Halep ve k\u0131rsal\u0131n\u0131n Hanano, \u015ekeyf, Artik, Handerat, Cbiyn Tepesi, Sanayi, Kefar Hamra, Babiys, Cendul, Seyfat, \u0130nzarat, Kefar Sa\u011fir, Bab el Hadid, Bostan el Ba\u015fa, Leyramun, Beni Zeyd, Haz\u0131r, Han el Asel ve Maaret el Artik b\u00f6lgelerinde \u00e7okuluslu ter\u00f6r \u00e7etelerinin k\u00fcmelenme yerleri ve karargahlar\u0131na y\u00f6nelik operasyonlar\u0131n\u0131 s\u00fcrd\u00fcrd\u00fc.<\/p>\n<p>Operasyonlarda aralar\u0131nda yabanc\u0131lar\u0131n bulundu\u011fu \u00e7ok say\u0131da ter\u00f6rist bir\u00e7ok ara\u00e7la birlikte etkisiz hale getirildi.<\/p>\n<p><span style=\"color: #0000ff\">\u0130dlib K\u0131rsal\u0131nda Sald\u0131rganlar Etkisiz Olarak Ele Ge\u00e7irildi<\/span><\/p>\n<p>Askeri kaynak ordu birliklerimizin \u0130dlib k\u0131rsal\u0131n\u0131n Hamidiye B\u00f6lgesinde askeri bir noktaya sald\u0131r\u0131 giri\u015fiminde bulunan ter\u00f6ristlere kar\u015f\u0131 koyarak b\u00fcy\u00fck \u00e7o\u011funlu\u011funu \u00f6l\u00fc yaral\u0131 ele ge\u00e7irdiklerini belirtti.<\/p>\n<p>Kaynak \u00f6ld\u00fcr\u00fclen ter\u00f6ristlerin aras\u0131nda \u2018Sukur Muarra T\u00fcmeni\u2019 (Muarra kartallar\u0131 T\u00fcmeni) olarak bilinen ter\u00f6r olu\u015fumunun s\u00f6zde lideri \u2018Ebu Aslan\u2019 kod adl\u0131 \u0130brahim D\u011feym\u2019in yan\u0131 s\u0131ra bir\u00e7ok az\u0131l\u0131 ter\u00f6ristin bulundu\u011funu belirtti.<\/p>\n<p>Ordu birliklerimizin Heyla ve G\u00fcney \u0130rey beldeleri yak\u0131nlar\u0131nda kendilerine \u2018Ahrar el Zaviye\u2019 (Zaviye \u00d6zg\u00fcrleri) ad\u0131n\u0131 veren ter\u00f6r olu\u015fumundan bir\u00e7ok ter\u00f6risti \u00f6l\u00fc yaral\u0131 d\u00fc\u015f\u00fcrd\u00fc\u011f\u00fcn\u00fc belirten kaynak; bir\u00e7ok arac\u0131n da imha edildi\u011fi operasyonda \u00f6ld\u00fcr\u00fclen ter\u00f6ristler aras\u0131nda grup eleba\u015f\u0131 Gaip el Sahuri\u2019nin de bulundu\u011funu aktard\u0131.<\/p>\n<p>Ordu birliklerimiz yine \u0130dlib k\u0131rsal\u0131nda Martin ve Ayn \u015eiyb beldeleri yak\u0131nlar\u0131nda \u2018Ahrar el \u015eam\u2019 (\u015eam \u00d6zg\u00fcrleri) ad\u0131yla bilinen ter\u00f6r olu\u015fumundan aralar\u0131nda grup eleba\u015f\u0131 Ramazan Diyab\u2019\u0131n da bulundu\u011fu \u00e7ok say\u0131da ter\u00f6risti \u00f6l\u00fc yaral\u0131 d\u00fc\u015f\u00fcrd\u00fc.<\/p>\n<p>Serakib Kenti civar\u0131nda ise ordu birliklerimiz \u2018Serakib Devrimcileri Cephesi\u2019 ad\u0131yla bilinen ter\u00f6r olu\u015fumundan ter\u00f6ristleri hedef al\u0131rken grup eleba\u015f\u0131 Mikdat Bar\u0131\u015f\u2019\u0131n aralar\u0131nda bulundu\u011fu onlarca ter\u00f6risti \u00f6l\u00fc yaral\u0131 d\u00fc\u015f\u00fcrd\u00fc. Operasyonda a\u011f\u0131r makineli silahlarla donat\u0131lm\u0131\u015f bir\u00e7ok ara\u00e7lar\u0131n\u0131n yan\u0131 s\u0131ra yak\u0131t depolar\u0131 da i\u00e7lerindeki ter\u00f6ristlerle birlikte imha edildi.<\/p>\n<p>\u0130dlib k\u0131rsal\u0131n\u0131n Hac\u0131 Hammud \u00c7iftli\u011fi, Hlul, Ayn Savda, Dveyr el ekrad, Zeyyadiye, Mukbile, Kreyma tepesi, Bekfalun, Neyreb, Kmeynas, Selmo Tepesi, Buvayti, Kuvrin \u00c7iftlikleri ve Kefroma b\u00f6lgelerinde ter\u00f6ristlerin k\u00fcmelenme yerleri ve karargahlar\u0131n\u0131 hedef alan ordu birliklerimiz, aralar\u0131nda yabanc\u0131lar\u0131n bulundu\u011fu y\u00fcksek say\u0131da ter\u00f6risti cephanelikleri ve ara\u00e7lar\u0131yla birlikte etkisiz hale getirdi.<\/p>\n<p><span style=\"color: #0000ff\">Haseke K\u0131rsal\u0131nda Yuvalar\u0131 \u0130mha Edildi<\/span><\/p>\n<p>Askeri kaynak ordu birliklerimizin Haseke k\u0131rsal\u0131n\u0131n g\u00fcneyinde ter\u00f6ristlerin k\u00fcmelenme yerlerini nitelikli operasyonlarla hedef alarak onlar\u0131 say\u0131, cephane ve ara\u00e7lar\u0131yla b\u00fcy\u00fck kay\u0131plara u\u011fratt\u0131\u011f\u0131n\u0131 belirtti.<\/p>\n<p><span style=\"color: #0000ff\">Dera\u2019da Sald\u0131rganlar A\u011f\u0131r Kay\u0131plarla Geri P\u00fcsk\u00fcrt\u00fcld\u00fcler<\/span><\/p>\n<p>Ordu birliklerimiz Dera k\u0131rsal\u0131n\u0131n Etman Beldesinde Biytar Mezras\u0131n\u0131n kuzeybat\u0131s\u0131 y\u00f6n\u00fcne s\u0131zmaya \u00e7al\u0131\u015fan ter\u00f6ristlere kar\u015f\u0131 koydu.\u00a0\u00c7at\u0131\u015fmada sald\u0131rgan ter\u00f6ristlerin b\u00fcy\u00fck bir k\u0131sm\u0131 silah ve ara\u00e7lar\u0131yla birlikte etkisiz olarak ele ge\u00e7irildiler.<\/p>\n<p>Dera k\u0131rsal\u0131n\u0131n Ciyze beldesinde ter\u00f6ristlerin bir karargah\u0131n\u0131 muhtevalar\u0131yla tahrip eden ordu birliklerimiz aralar\u0131nda Nusra Cephesinin az\u0131l\u0131 bir eleba\u015f\u0131n\u0131n bulundu\u011fu bir \u00e7ok ter\u00f6risti \u00f6l\u00fc yaral\u0131 d\u00fc\u015f\u00fcrd\u00fc.<\/p>\n<p>Vatan koruyucular\u0131m\u0131z Nueyma Beldesinde ise aralar\u0131nda yabanc\u0131lar\u0131n bulundu\u011fu \u00e7ok say\u0131da ter\u00f6risti su\u00e7 edatlar\u0131yla birlikte etkisiz hale getirdi.<\/p>\n<p>Dera k\u0131rsal\u0131n\u0131n Nazihin B\u00f6lgesi, Dera beled, Varidat K\u00f6y\u00fc ve Samlen-Zamreyn yol kav\u015fa\u011f\u0131 yak\u0131nlar\u0131nda ter\u00f6ristleri hedef alan ordu birliklerimiz onlarca ter\u00f6risti kulland\u0131klar\u0131 ara\u00e7larla birlikte imha etti.<\/p>\n","protected":false},"excerpt":{"rendered":"<p>\u0130LLER \u2013 Ordu birliklerimiz yurdun muhtelif b\u00f6lgelerinde \u00e7okuluslu ter\u00f6r \u00e7etelerini yuva ve ara\u00e7lar\u0131yla etkisiz hale getirmeye devam ediyor. \u015eam K\u0131rsal\u0131nda Suudili Ter\u00f6ristler \u00d6ld\u00fcr\u00fcld\u00fc Askeri bir kaynak ordu birliklerimizin \u015eam k\u0131rsal\u0131n\u0131n Do\u011fu \u011euta B\u00f6lgesinin derinliklerine d\u00fc\u015fen Meydia Beldesinde ter\u00f6ristlerin bir karargah\u0131n\u0131 muhtevalar\u0131yla imha etti\u011fini aktar\u0131rken, karargahta bulunan ve bir k\u0131sm\u0131 Suudili olan t\u00fcm ter\u00f6ristlerin su\u00e7 edatlar\u0131yla &hellip;<\/p>\n","protected":false},"author":1,"featured_media":4235,"comment_status":"closed","ping_status":"closed","sticky":false,"template":"","format":"standard","meta":{"footnotes":""},"categories":[575],"tags":[],"class_list":["post-4187","post","type-post","status-publish","format-standard","has-post-thumbnail","","category-olaylar-ve-gercekler"],"_links":{"self":[{"href":"https:\/\/archive.sana.sy\/tr\/index.php?rest_route=\/wp\/v2\/posts\/4187","targetHints":{"allow":["GET"]}}],"collection":[{"href":"https:\/\/archive.sana.sy\/tr\/index.php?rest_route=\/wp\/v2\/posts"}],"about":[{"href":"https:\/\/archive.sana.sy\/tr\/index.php?rest_route=\/wp\/v2\/types\/post"}],"author":[{"embeddable":true,"href":"https:\/\/archive.sana.sy\/tr\/index.php?rest_route=\/wp\/v2\/users\/1"}],"replies":[{"embeddable":true,"href":"https:\/\/archive.sana.sy\/tr\/index.php?rest_route=%2Fwp%2Fv2%2Fcomments&post=4187"}],"version-history":[{"count":0,"href":"https:\/\/archive.sana.sy\/tr\/index.php?rest_route=\/wp\/v2\/posts\/4187\/revisions"}],"wp:featuredmedia":[{"embeddable":true,"href":"https:\/\/archive.sana.sy\/tr\/index.php?rest_route=\/wp\/v2\/media\/4235"}],"wp:attachment":[{"href":"https:\/\/archive.sana.sy\/tr\/index.php?rest_route=%2Fwp%2Fv2%2Fmedia&parent=4187"}],"wp:term":[{"taxonomy":"category","embeddable":true,"href":"https:\/\/archive.sana.sy\/tr\/index.php?rest_route=%2Fwp%2Fv2%2Fcategories&post=4187"},{"taxonomy":"post_tag","embeddable":true,"href":"https:\/\/archive.sana.sy\/tr\/index.php?rest_route=%2Fwp%2Fv2%2Ftags&post=4187"}],"curies":[{"name":"wp","href":"https:\/\/api.w.org\/{rel}","templated":true}]}}