{"id":41885,"date":"2015-07-29T14:31:23","date_gmt":"2015-07-29T11:31:23","guid":{"rendered":"http:\/\/www.sana.sy\/tr\/?p=41885"},"modified":"2015-07-29T14:31:23","modified_gmt":"2015-07-29T11:31:23","slug":"milli-sporcumuz-iki-altin-madalya-kazandi","status":"publish","type":"post","link":"https:\/\/archive.sana.sy\/tr\/?p=41885","title":{"rendered":"Milli Sporcumuz \u0130ki Alt\u0131n Madalya Kazand\u0131"},"content":{"rendered":"<p>WASH\u0130NGTON \u2013 Amerika\u2019n\u0131n Los Angeles Eyaletinde d\u00fczenlenmekte olan D\u00fcnya Engelli Olimpiyatlar\u0131na kat\u0131lan milli sporcular\u0131m\u0131zdan Enver Semke bug\u00fcn tekerlekli kayak yar\u0131\u015fmalar\u0131nda iki alt\u0131n madalya kazanmas\u0131yla milli sporcular\u0131m\u0131z\u0131n bu olimpiyatlarda kazand\u0131klar\u0131 madalya say\u0131s\u0131n\u0131 3\u2019e \u00e7\u0131karm\u0131\u015f oldu.<\/p>\n<p>Olimpiyatlara kat\u0131lan 177 \u00fclkeden 21 \u00fclkenin kat\u0131ld\u0131\u011f\u0131 yar\u0131\u015fmalarda Semke 30 metre normal ve 30 metre k\u0131vr\u0131ml\u0131 mesafede iki alt\u0131n madalya kazand\u0131.<\/p>\n<p>Milli sporcular\u0131m\u0131zdan Esma Nas\u0131reddin daha \u00f6nce bayan halter yar\u0131\u015fmalar\u0131nda 52 kiloda bronz madalya kazanm\u0131\u015ft\u0131.<\/p>\n<p>Suriye s\u00f6z konusu engelli olimpiyatlara 21 sporcuyla kat\u0131l\u0131yor.<\/p>\n<p>A.A.<\/p>\n","protected":false},"excerpt":{"rendered":"<p>WASH\u0130NGTON \u2013 Amerika\u2019n\u0131n Los Angeles Eyaletinde d\u00fczenlenmekte olan D\u00fcnya Engelli Olimpiyatlar\u0131na kat\u0131lan milli sporcular\u0131m\u0131zdan Enver Semke bug\u00fcn tekerlekli kayak yar\u0131\u015fmalar\u0131nda iki alt\u0131n madalya kazanmas\u0131yla milli sporcular\u0131m\u0131z\u0131n bu olimpiyatlarda kazand\u0131klar\u0131 madalya say\u0131s\u0131n\u0131 3\u2019e \u00e7\u0131karm\u0131\u015f oldu. Olimpiyatlara kat\u0131lan 177 \u00fclkeden 21 \u00fclkenin kat\u0131ld\u0131\u011f\u0131 yar\u0131\u015fmalarda Semke 30 metre normal ve 30 metre k\u0131vr\u0131ml\u0131 mesafede iki alt\u0131n madalya kazand\u0131. &hellip;<\/p>\n","protected":false},"author":1,"featured_media":41889,"comment_status":"closed","ping_status":"closed","sticky":false,"template":"","format":"standard","meta":{"footnotes":""},"categories":[498,496],"tags":[16034],"class_list":["post-41885","post","type-post","status-publish","format-standard","has-post-thumbnail","","category-dunya-turnuvalari","category-spor","tag-milli-sporcumuz-iki-altin-madalya-kazandi"],"_links":{"self":[{"href":"https:\/\/archive.sana.sy\/tr\/index.php?rest_route=\/wp\/v2\/posts\/41885","targetHints":{"allow":["GET"]}}],"collection":[{"href":"https:\/\/archive.sana.sy\/tr\/index.php?rest_route=\/wp\/v2\/posts"}],"about":[{"href":"https:\/\/archive.sana.sy\/tr\/index.php?rest_route=\/wp\/v2\/types\/post"}],"author":[{"embeddable":true,"href":"https:\/\/archive.sana.sy\/tr\/index.php?rest_route=\/wp\/v2\/users\/1"}],"replies":[{"embeddable":true,"href":"https:\/\/archive.sana.sy\/tr\/index.php?rest_route=%2Fwp%2Fv2%2Fcomments&post=41885"}],"version-history":[{"count":0,"href":"https:\/\/archive.sana.sy\/tr\/index.php?rest_route=\/wp\/v2\/posts\/41885\/revisions"}],"wp:featuredmedia":[{"embeddable":true,"href":"https:\/\/archive.sana.sy\/tr\/index.php?rest_route=\/wp\/v2\/media\/41889"}],"wp:attachment":[{"href":"https:\/\/archive.sana.sy\/tr\/index.php?rest_route=%2Fwp%2Fv2%2Fmedia&parent=41885"}],"wp:term":[{"taxonomy":"category","embeddable":true,"href":"https:\/\/archive.sana.sy\/tr\/index.php?rest_route=%2Fwp%2Fv2%2Fcategories&post=41885"},{"taxonomy":"post_tag","embeddable":true,"href":"https:\/\/archive.sana.sy\/tr\/index.php?rest_route=%2Fwp%2Fv2%2Ftags&post=41885"}],"curies":[{"name":"wp","href":"https:\/\/api.w.org\/{rel}","templated":true}]}}