{"id":41891,"date":"2015-07-29T16:10:18","date_gmt":"2015-07-29T13:10:18","guid":{"rendered":"http:\/\/www.sana.sy\/tr\/?p=41891"},"modified":"2015-07-29T16:10:18","modified_gmt":"2015-07-29T13:10:18","slug":"homs-kirsalinin-dogusu-tedmurun-vadi-abyad-baraji-kuzeyinde-isid-cetelerinin-bir-arac-konvoyunu-hedef-alan-ordu-birliklerimiz-bir-kismi-agir-silahlarla-donatilmis-onlarca-araci-tasidiklari-t","status":"publish","type":"post","link":"https:\/\/archive.sana.sy\/tr\/?p=41891","title":{"rendered":"Homs k\u0131rsal\u0131n\u0131n do\u011fusu Tedmur\u2019un Vadi Abyad Baraj\u0131 kuzeyinde I\u015e\u0130D \u00e7etelerinin bir ara\u00e7 konvoyunu hedef alan ordu birliklerimiz, bir k\u0131sm\u0131 a\u011f\u0131r silahlarla donat\u0131lm\u0131\u015f onlarca arac\u0131 ta\u015f\u0131d\u0131klar\u0131 ter\u00f6rist ve cephaneyle birlikte imha etti"},"content":{"rendered":"<p>Homs k\u0131rsal\u0131n\u0131n do\u011fusu Tedmur\u2019un Vadi Abyad Baraj\u0131 kuzeyinde I\u015e\u0130D \u00e7etelerinin bir ara\u00e7 konvoyunu hedef alan ordu birliklerimiz, bir k\u0131sm\u0131 a\u011f\u0131r silahlarla donat\u0131lm\u0131\u015f onlarca arac\u0131 ta\u015f\u0131d\u0131klar\u0131 ter\u00f6rist ve cephaneyle birlikte imha etti<\/p>\n","protected":false},"excerpt":{"rendered":"<p>Homs k\u0131rsal\u0131n\u0131n do\u011fusu Tedmur\u2019un Vadi Abyad Baraj\u0131 kuzeyinde I\u015e\u0130D \u00e7etelerinin bir ara\u00e7 konvoyunu hedef alan ordu birliklerimiz, bir k\u0131sm\u0131 a\u011f\u0131r silahlarla donat\u0131lm\u0131\u015f onlarca arac\u0131 ta\u015f\u0131d\u0131klar\u0131 ter\u00f6rist ve cephaneyle birlikte imha etti<\/p>\n","protected":false},"author":1,"featured_media":0,"comment_status":"closed","ping_status":"closed","sticky":false,"template":"","format":"standard","meta":{"footnotes":""},"categories":[1],"tags":[],"class_list":["post-41891","post","type-post","status-publish","format-standard","","category-news-not-sorted"],"_links":{"self":[{"href":"https:\/\/archive.sana.sy\/tr\/index.php?rest_route=\/wp\/v2\/posts\/41891","targetHints":{"allow":["GET"]}}],"collection":[{"href":"https:\/\/archive.sana.sy\/tr\/index.php?rest_route=\/wp\/v2\/posts"}],"about":[{"href":"https:\/\/archive.sana.sy\/tr\/index.php?rest_route=\/wp\/v2\/types\/post"}],"author":[{"embeddable":true,"href":"https:\/\/archive.sana.sy\/tr\/index.php?rest_route=\/wp\/v2\/users\/1"}],"replies":[{"embeddable":true,"href":"https:\/\/archive.sana.sy\/tr\/index.php?rest_route=%2Fwp%2Fv2%2Fcomments&post=41891"}],"version-history":[{"count":0,"href":"https:\/\/archive.sana.sy\/tr\/index.php?rest_route=\/wp\/v2\/posts\/41891\/revisions"}],"wp:attachment":[{"href":"https:\/\/archive.sana.sy\/tr\/index.php?rest_route=%2Fwp%2Fv2%2Fmedia&parent=41891"}],"wp:term":[{"taxonomy":"category","embeddable":true,"href":"https:\/\/archive.sana.sy\/tr\/index.php?rest_route=%2Fwp%2Fv2%2Fcategories&post=41891"},{"taxonomy":"post_tag","embeddable":true,"href":"https:\/\/archive.sana.sy\/tr\/index.php?rest_route=%2Fwp%2Fv2%2Ftags&post=41891"}],"curies":[{"name":"wp","href":"https:\/\/api.w.org\/{rel}","templated":true}]}}