{"id":41896,"date":"2015-07-29T16:06:27","date_gmt":"2015-07-29T13:06:27","guid":{"rendered":"http:\/\/sana.sy\/tr\/?p=41896"},"modified":"2015-07-29T16:10:00","modified_gmt":"2015-07-29T13:10:00","slug":"vergi-cezalarina-af-kanununu-onaylandi","status":"publish","type":"post","link":"https:\/\/archive.sana.sy\/tr\/?p=41896","title":{"rendered":"El Esad iki Kanunu Onaylad\u0131"},"content":{"rendered":"<p>\u015eAM \u2013 Cumhurba\u015fkan\u0131 Be\u015f\u015far el Esad bug\u00fcn belediye har\u00e7lar\u0131, yerel har\u00e7lar, emlak ve parsel cezalar\u0131n\u0131n muaf tutulmas\u0131n\u0131 \u00f6ng\u00f6ren 2015\/13 say\u0131l\u0131 kanunu onaylad\u0131.<\/p>\n<p>Kanun vergi bor\u00e7lar\u0131 olanlar\u0131n bu kanundan faydalanmalar\u0131 i\u00e7in 31 Ocak 2015 tarihine dek bor\u00e7lar\u0131n\u0131 \u00f6demelerini \u015fart ko\u015ftu.<\/p>\n<p>El Esad bug\u00fcn ayn\u0131 zamanda i\u00e7 ticaret ve t\u00fcketiciyi koruma alan\u0131nda 2015\/14 say\u0131l\u0131 kanunu onaylad\u0131.<\/p>\n<p>Halk Meclisinin 25 Haziran 2015 tarihinde tart\u0131\u015f\u0131p onaylamas\u0131 ard\u0131ndan cumhurba\u015fkanl\u0131\u011f\u0131na sevk etti\u011fi kanun i\u00e7 ticaret ve t\u00fcketiciyi koruma bakan\u0131 g\u00f6rev ve yetkililerinin yan\u0131 s\u0131ra t\u00fcketim h\u00fck\u00fcmleri, kalite ve cezalara ilaveten t\u00fcketici cemiyetlerinin tan\u0131t\u0131m\u0131n\u0131 i\u00e7eriyor.<\/p>\n<p>&nbsp;<\/p>\n<p>A.A. &#8211; M.M.<\/p>\n","protected":false},"excerpt":{"rendered":"<p>\u015eAM \u2013 Cumhurba\u015fkan\u0131 Be\u015f\u015far el Esad bug\u00fcn belediye har\u00e7lar\u0131, yerel har\u00e7lar, emlak ve parsel cezalar\u0131n\u0131n muaf tutulmas\u0131n\u0131 \u00f6ng\u00f6ren 2015\/13 say\u0131l\u0131 kanunu onaylad\u0131. Kanun vergi bor\u00e7lar\u0131 olanlar\u0131n bu kanundan faydalanmalar\u0131 i\u00e7in 31 Ocak 2015 tarihine dek bor\u00e7lar\u0131n\u0131 \u00f6demelerini \u015fart ko\u015ftu. El Esad bug\u00fcn ayn\u0131 zamanda i\u00e7 ticaret ve t\u00fcketiciyi koruma alan\u0131nda 2015\/14 say\u0131l\u0131 kanunu onaylad\u0131. Halk &hellip;<\/p>\n","protected":false},"author":1,"featured_media":39386,"comment_status":"closed","ping_status":"closed","sticky":false,"template":"","format":"standard","meta":{"footnotes":""},"categories":[479,605,612,599,478],"tags":[16036],"class_list":["post-41896","post","type-post","status-publish","format-standard","has-post-thumbnail","","category-haberler-yerel","category-sayin-cumhurbaskani","category-yasama-kararnameler","category-yasama-ve-kanunlar","category-yerel","tag-vergi-cezalarina-af-kanununu-onaylandi"],"_links":{"self":[{"href":"https:\/\/archive.sana.sy\/tr\/index.php?rest_route=\/wp\/v2\/posts\/41896","targetHints":{"allow":["GET"]}}],"collection":[{"href":"https:\/\/archive.sana.sy\/tr\/index.php?rest_route=\/wp\/v2\/posts"}],"about":[{"href":"https:\/\/archive.sana.sy\/tr\/index.php?rest_route=\/wp\/v2\/types\/post"}],"author":[{"embeddable":true,"href":"https:\/\/archive.sana.sy\/tr\/index.php?rest_route=\/wp\/v2\/users\/1"}],"replies":[{"embeddable":true,"href":"https:\/\/archive.sana.sy\/tr\/index.php?rest_route=%2Fwp%2Fv2%2Fcomments&post=41896"}],"version-history":[{"count":0,"href":"https:\/\/archive.sana.sy\/tr\/index.php?rest_route=\/wp\/v2\/posts\/41896\/revisions"}],"wp:featuredmedia":[{"embeddable":true,"href":"https:\/\/archive.sana.sy\/tr\/index.php?rest_route=\/wp\/v2\/media\/39386"}],"wp:attachment":[{"href":"https:\/\/archive.sana.sy\/tr\/index.php?rest_route=%2Fwp%2Fv2%2Fmedia&parent=41896"}],"wp:term":[{"taxonomy":"category","embeddable":true,"href":"https:\/\/archive.sana.sy\/tr\/index.php?rest_route=%2Fwp%2Fv2%2Fcategories&post=41896"},{"taxonomy":"post_tag","embeddable":true,"href":"https:\/\/archive.sana.sy\/tr\/index.php?rest_route=%2Fwp%2Fv2%2Ftags&post=41896"}],"curies":[{"name":"wp","href":"https:\/\/api.w.org\/{rel}","templated":true}]}}