{"id":4190,"date":"2014-06-29T14:17:31","date_gmt":"2014-06-29T11:17:31","guid":{"rendered":"http:\/\/www.sana.sy\/tr\/?p=4190"},"modified":"2014-06-29T14:17:31","modified_gmt":"2014-06-29T11:17:31","slug":"nenovayi-terorden-temizleme-hazirliginda","status":"publish","type":"post","link":"https:\/\/archive.sana.sy\/tr\/?p=4190","title":{"rendered":"Nenova\u2019y\u0131 Ter\u00f6rden Temizleme Haz\u0131rl\u0131\u011f\u0131nda"},"content":{"rendered":"<p>BA\u011eDAT \u2013 Irakl\u0131 askeri bir kaynak Irak ordusunun d\u00fcn Selahattin \u0130linde Tekrit Kentini temizlemesi ard\u0131ndan Nenova \u0130lini \u2018Irak ve \u015eam \u0130slami Devleti\u2019nin ter\u00f6r \u00e7etelerinden temizleme haz\u0131rl\u0131\u011f\u0131nda oldu\u011funu belirtti.<\/p>\n<p>Irak Enformasyon \u015eebekesinin aktard\u0131\u011f\u0131 a\u00e7\u0131klamalar\u0131nda askeri kaynak; Irak ordusunun Neneova ilinde ter\u00f6r \u00e7etelerine kar\u015f\u0131 askeri operasyonlarda ana hava silah\u0131 olarak Rusya\u2019n\u0131n g\u00f6nderdi\u011fi Sukhoi u\u00e7aklar\u0131n\u0131 kullanaca\u011f\u0131n\u0131 a\u00e7\u0131klad\u0131.<\/p>\n","protected":false},"excerpt":{"rendered":"<p>BA\u011eDAT \u2013 Irakl\u0131 askeri bir kaynak Irak ordusunun d\u00fcn Selahattin \u0130linde Tekrit Kentini temizlemesi ard\u0131ndan Nenova \u0130lini \u2018Irak ve \u015eam \u0130slami Devleti\u2019nin ter\u00f6r \u00e7etelerinden temizleme haz\u0131rl\u0131\u011f\u0131nda oldu\u011funu belirtti. Irak Enformasyon \u015eebekesinin aktard\u0131\u011f\u0131 a\u00e7\u0131klamalar\u0131nda askeri kaynak; Irak ordusunun Neneova ilinde ter\u00f6r \u00e7etelerine kar\u015f\u0131 askeri operasyonlarda ana hava silah\u0131 olarak Rusya\u2019n\u0131n g\u00f6nderdi\u011fi Sukhoi u\u00e7aklar\u0131n\u0131 kullanaca\u011f\u0131n\u0131 a\u00e7\u0131klad\u0131.<\/p>\n","protected":false},"author":1,"featured_media":4191,"comment_status":"closed","ping_status":"closed","sticky":false,"template":"","format":"standard","meta":{"footnotes":""},"categories":[458,459,584],"tags":[906],"class_list":["post-4190","post","type-post","status-publish","format-standard","has-post-thumbnail","","category-dunya1","category-haberler-arap-uluslararasi-politika","category-yurtdisinda-sana-ofisleri","tag-nenovayi-terorden-temizleme-hazirliginda"],"_links":{"self":[{"href":"https:\/\/archive.sana.sy\/tr\/index.php?rest_route=\/wp\/v2\/posts\/4190","targetHints":{"allow":["GET"]}}],"collection":[{"href":"https:\/\/archive.sana.sy\/tr\/index.php?rest_route=\/wp\/v2\/posts"}],"about":[{"href":"https:\/\/archive.sana.sy\/tr\/index.php?rest_route=\/wp\/v2\/types\/post"}],"author":[{"embeddable":true,"href":"https:\/\/archive.sana.sy\/tr\/index.php?rest_route=\/wp\/v2\/users\/1"}],"replies":[{"embeddable":true,"href":"https:\/\/archive.sana.sy\/tr\/index.php?rest_route=%2Fwp%2Fv2%2Fcomments&post=4190"}],"version-history":[{"count":0,"href":"https:\/\/archive.sana.sy\/tr\/index.php?rest_route=\/wp\/v2\/posts\/4190\/revisions"}],"wp:featuredmedia":[{"embeddable":true,"href":"https:\/\/archive.sana.sy\/tr\/index.php?rest_route=\/wp\/v2\/media\/4191"}],"wp:attachment":[{"href":"https:\/\/archive.sana.sy\/tr\/index.php?rest_route=%2Fwp%2Fv2%2Fmedia&parent=4190"}],"wp:term":[{"taxonomy":"category","embeddable":true,"href":"https:\/\/archive.sana.sy\/tr\/index.php?rest_route=%2Fwp%2Fv2%2Fcategories&post=4190"},{"taxonomy":"post_tag","embeddable":true,"href":"https:\/\/archive.sana.sy\/tr\/index.php?rest_route=%2Fwp%2Fv2%2Ftags&post=4190"}],"curies":[{"name":"wp","href":"https:\/\/api.w.org\/{rel}","templated":true}]}}