{"id":41903,"date":"2015-07-29T21:08:56","date_gmt":"2015-07-29T18:08:56","guid":{"rendered":"http:\/\/sana.sy\/tr\/?p=41903"},"modified":"2015-07-30T16:01:19","modified_gmt":"2015-07-30T13:01:19","slug":"tekfirci-teroristlerin-mevki-ve-araclari-imha-edildi","status":"publish","type":"post","link":"https:\/\/archive.sana.sy\/tr\/?p=41903","title":{"rendered":"Tekfirci Ter\u00f6ristlerin Mevki ve Ara\u00e7lar\u0131 \u0130mha Edildi"},"content":{"rendered":"<p>\u0130LLER \u2013 Ba\u015fta T\u00fcrkiye&#8217;deki ihvanc\u0131 Erdo\u011fan rejimi olmak \u00fczere kimi devletlerin Suriye ve halk\u0131na kar\u015f\u0131 destekledikleri tekfirci ter\u00f6ristlere y\u00f6nelik operasyonlar ba\u015far\u0131yla devam ediyor.<\/p>\n<p><span style=\"color: #0000ff\">\u015eAM KIRSALI :<\/span><\/p>\n<p>Saha kaynaklar\u0131 SANA muhabirine a\u00e7\u0131klamas\u0131nda ordu birliklerimizin L\u00fcbnan direni\u015f g\u00fc\u00e7leriyle i\u015fbirli\u011fi i\u00e7inde \u015eam k\u0131rsal\u0131 Zebadani\u2019nin g\u00fcneyi Barada Yolu ekseni, Zehra Kalesi ekseni ve Zebadani Kentinin kuzeybat\u0131 kenarlar\u0131na d\u00fc\u015fen Nabou Semti y\u00f6n\u00fcnde 30 ter\u00f6risti \u00f6ld\u00fcrd\u00fcklerini ifade etti.<\/p>\n<p>Kaynaklar; ordu birliklerimizin Zebadani k\u0131rsal\u0131n\u0131n g\u00fcneyi Bukkin Beldesinin yan\u0131nda aralar\u0131nda I\u015e\u0130D\u2019li Muaz el Abde\u2019nin bulundu\u011fu bir\u00e7ok ter\u00f6risti \u00f6ld\u00fcrd\u00fcklerini s\u00f6yledi.<\/p>\n<p>Kaynaklar ayn\u0131 zamanda \u2018Hamze Bin Abulmuttalib Taburlar\u0131\u2019 adl\u0131 ter\u00f6r \u00e7etelerin \u00fcyelerinden 7 ter\u00f6ristin silahlar\u0131yla birlikte Zebadani\u2019deki ordu birliklerimize teslim olduklar\u0131n\u0131 aktard\u0131.<\/p>\n<p>Do\u011fu \u011euta\u2019n\u0131n Erbin Beldesinde de ordu birliklerimizin ter\u00f6ristlere ait bir yuvay\u0131 muhtevalar\u0131yla birlikte imha ettiklerini belirten kaynaklar; buna e\u015f zamanl\u0131 olarak Cobar Semtinin el Mana\u015fir Bulvar\u0131 do\u011fusunda bir\u00e7ok ter\u00f6risti \u00f6l\u00fc ve yaral\u0131 d\u00fc\u015f\u00fcrd\u00fcklerine dikkat \u00e7ekti.<\/p>\n<p>\u00d6te yandan kaynaklar; Do\u011fu \u011euta\u2019n\u0131n ortalar\u0131nda Hammuriye K\u00f6y\u00fcn\u00fcn do\u011fusu el E\u015fari \u00e7iftliklerinde ter\u00f6ristlerin bomba d\u00fczenekleri, havan roketleri ve bombal\u0131 ara\u00e7 haz\u0131rlad\u0131klar\u0131 bir at\u00f6lyede b\u00fcy\u00fck bir patlaman\u0131n oldu\u011funu aktar\u0131rlarken; patlamada Nusra Cephesinden en az 50 ter\u00f6ristin \u00f6ld\u00fc\u011f\u00fcn\u00fc belirtti.<\/p>\n<p><span style=\"color: #0000ff\">HALEP:<\/span><\/p>\n<p>Halep ve k\u0131rsal\u0131nda Erdo\u011fan\u2019\u0131n ter\u00f6r \u00e7etelerine y\u00f6nelik operasyonlar\u0131n\u0131 s\u00fcrd\u00fcren ordu birliklerimizde bir kaynak Halep Kentinin eski semtlerine ilaveten Leyramon ve \u015eear semtlerinde Nusra Cephesi ve di\u011fer ter\u00f6r \u00f6rg\u00fctlerinin mevkilerini muhtevalar\u0131yla imha ettiklerini s\u00f6yledi.<\/p>\n<p>Kaynak Halep Kentinin yakla\u015f\u0131k 10 km bat\u0131s\u0131na d\u00fc\u015fen ve kentte sivil yerle\u015fim alanlar\u0131n\u0131 f\u00fcze ve roketlerle hedef almada karargah haline gelen Mansura K\u00f6y\u00fcnde de \u00e7ok say\u0131da tekfircinin \u00f6ld\u00fcr\u00fcld\u00fc\u011f\u00fcn\u00fc s\u00f6yledi.<\/p>\n<p>Hreytan Beldesi ve Anedan Kentinin yan\u0131 s\u0131ra N\u00fcbbul ve Zehra beldeleri civarlar\u0131nda tekfirci \u00e7etelerin ara\u00e7 ve mevkilerinin hedef al\u0131nd\u0131\u011f\u0131n\u0131 belirten kaynak; aralar\u0131nda yabanc\u0131 ve saha komutanlar\u0131n\u0131n bulundu\u011fu \u00e7ok say\u0131da ter\u00f6ristin \u00f6ld\u00fcr\u00fcld\u00fc\u011f\u00fcn\u00fc aktard\u0131.<\/p>\n<p>Halep k\u0131rsal\u0131n\u0131n g\u00fcneydo\u011fu k\u0131rsal\u0131 Sfeyra \u2013 Hanas\u0131r ekseninde de Nusra Cephesine tabi bir ter\u00f6r grubunun eleba\u015f\u0131 ve t\u00fcm \u00fcyeleriyle \u00f6ld\u00fcr\u00fcld\u00fc\u011f\u00fcn\u00fc belirten kaynak; Neyreb K\u00f6y\u00fcnde de yine bir\u00e7ok tekfircinin etkisizle\u015ftirildi\u011fini s\u00f6zlerine ekledi.<\/p>\n<p>Kaynak ordu birliklerimizin Halep k\u0131rsal\u0131n\u0131n do\u011fusu uluslar aras\u0131 Rakka otoban\u0131 \u00fczerine d\u00fc\u015fen Havac\u0131l\u0131k Akademisi yak\u0131nlar\u0131nda I\u015e\u0130D\u2019li \u00e7ok say\u0131da ter\u00f6risti ara\u00e7 ve cephaneleriyle birlikte etkisizle\u015ftirdiklerini belirtti.<\/p>\n<p>Bu arada muhtelif medya ara\u00e7lar\u0131 I\u015e\u0130D\u2019in Halep k\u0131rsal\u0131n\u0131n do\u011fusu Sfeyra Cephesi ve Kveyris Havaliman\u0131 civar\u0131ndaki ter\u00f6r eylemlerinin s\u00f6zde askeri komutan\u0131 \u2018Ebu \u00d6mer el \u00c7e\u00e7eni\u2019nin ordu birliklerimizin operasyonlar\u0131nda \u00f6ld\u00fcr\u00fcld\u00fc\u011f\u00fcn\u00fc aktard\u0131.<\/p>\n<p>Erdo\u011fan\u2019\u0131n ter\u00f6r \u00e7eteleri ise kendi medya ara\u00e7lar\u0131nda \u2018Ahrar el \u015eam \u0130slami Hareketi\u2019ne tabi ba\u015f tehlikeli komutan\u0131n\u0131n \u00f6ld\u00fcr\u00fcld\u00fc\u011f\u00fcn\u00fc itiraf ederken, \u00f6len daha ba\u015fka bir\u00e7ok tehlikeli ter\u00f6ristin kimliklerini a\u00e7\u0131klad\u0131.<\/p>\n<p><span style=\"color: #0000ff\">KUNAYTRA:<\/span><\/p>\n<p>Kunaytra k\u0131rsal\u0131nda i\u015fgalci siyonist \u0130srail&#8217;in destekledi\u011fi tekfirci ter\u00f6ristlere y\u00f6nelik operasyonlar\u0131n\u0131 s\u00fcrd\u00fcren ordu birliklerimiz; Cebata el Ha\u015fab k\u00f6y\u00fc ormanl\u0131klar\u0131ndan Tel el Kabia B\u00f6lgesine girmeye \u00e7al\u0131\u015fan bir ter\u00f6r grubunu eleba\u015f\u0131 ve t\u00fcm \u00fcyeleriyle etkisizle\u015ftirdi.<\/p>\n<p>Bu arada askeri kaynak; Kunaytra k\u0131rsal\u0131 Cebata el Ha\u015fab\u2019\u0131n kenarlar\u0131, Hurriye Ormanl\u0131klar civar\u0131, Ke\u015f\u015fe Mevkii ve Hamidiye K\u00f6y\u00fcnde de ordu birliklerimizin ter\u00f6r \u00f6rg\u00fctlerin yuva ve toplanma yerlerini hedef alarak \u00e7ok say\u0131da ter\u00f6risti \u00f6l\u00fc ve yaral\u0131 d\u00fc\u015f\u00fcrd\u00fcklerini s\u00f6yledi.<\/p>\n<p><span style=\"color: #0000ff\">HOMS:<\/span><\/p>\n<p>Homs k\u0131rsal\u0131n\u0131n do\u011fusu Tedmur\u2019un Vadi Abyad Baraj\u0131 kuzeyinde I\u015e\u0130D \u00e7etelerinin bir ara\u00e7 konvoyunu hedef alan ordu birliklerimiz, bir k\u0131sm\u0131 a\u011f\u0131r silahlarla donat\u0131lm\u0131\u015f onlarca arac\u0131 ta\u015f\u0131d\u0131klar\u0131 ter\u00f6rist ve cephaneyle birlikte imha etti.<\/p>\n<p>G\u00fcn\u00fcn ilerleyen saatlerinde a\u00e7\u0131klama yapan bir kaynak; Homs k\u0131rsal\u0131n\u0131n do\u011fusu Cezl Petrol Platformuna sald\u0131rmaya \u00e7al\u0131\u015fan I\u015e\u0130D \u00e7etelerine kar\u015f\u0131 koyan ordu birliklerimizin a\u011f\u0131r makineli silahlarla donat\u0131lm\u0131\u015f ara\u00e7lara ilaveten b\u00fcy\u00fck miktarda silah ve m\u00fchimmat\u0131 imha ettiklerini aktard\u0131.<\/p>\n<p>Ordu birliklerimizin Homs Kentinin 25 km kuzeydo\u011fusuna d\u00fc\u015fen Ayn el Nesir Nahiyesine tabi Ayn H\u00fcseyin K\u00f6y\u00fcnde Nusra Cephesinin siper ve karargahlar\u0131na kar\u015f\u0131 operasyonlar\u0131n\u0131 s\u00fcrd\u00fcrd\u00fcklerini s\u00f6yleyen kaynak; \u00e7ok say\u0131da ter\u00f6risti \u00f6l\u00fc ve yaral\u0131 d\u00fc\u015f\u00fcrd\u00fcklerine dikkat \u00e7ekti.<\/p>\n<p>Kaynak; Homs Kentinin Bat\u0131 kenarlar\u0131na d\u00fc\u015fen Vaer Semtinde Nusra Cephesi ve \u2018Faruk Taburlar\u0131\u2019na tabi \u00e7etelerin mevkilerini hedef alan ordu birliklerimizin buralarda da bir\u00e7ok ter\u00f6risti \u00f6ld\u00fcrd\u00fcklerini aktard\u0131.<\/p>\n<p>Homs k\u0131rsal\u0131n\u0131n do\u011fusu Tedmur Kasabas\u0131 ve Masik Vadisinde ise ordu birliklerimiz, I\u015e\u0130D\u2019ten onlarca ter\u00f6risti \u00f6l\u00fc ve yaral\u0131 d\u00fc\u015f\u00fcrd\u00fc.<\/p>\n<p><span style=\"color: #0000ff\">HAMA :<\/span><\/p>\n<p>\u00d6te yandan askeri kaynak ordu birliklerimizin Hama k\u0131rsal\u0131 el Mrane, Kahire, Amiyka ve el Madik Kalesi civar\u0131 b\u00f6lgelerinde ter\u00f6ristlerin yuvalar\u0131n\u0131 muhtevalar\u0131yla birlikte imha ettiklerini belirtti.<\/p>\n<p><span style=\"color: #0000ff\">\u0130DL\u0130B :<\/span><\/p>\n<p>\u0130dlib k\u0131rsal\u0131nda ise askeri kaynak; ordu birliklerimizin Ebu Zuhur, Han \u015eeyhun, Muatram, Ariha, Sermaniye, Cozif, Bzeyt ve \u015ea\u011furiyt b\u00f6lgelerinde katil Erdo\u011fan rejimine ba\u011fl\u0131 Nusra Cephesi ve di\u011fer \u00f6rg\u00fctlere ait toplanma yerleri ve mevkileri hedef ald\u0131klar\u0131n\u0131 ifade etti. Kaynak; operasyonlarda \u00e7ok say\u0131da ter\u00f6ristin \u00f6l\u00fc ve yaral\u0131 d\u00fc\u015f\u00fcr\u00fcl\u00fcp havzalar\u0131ndaki silah ve m\u00fchimmat\u0131n imha edildi\u011fini s\u00f6zlerine ekledi.<\/p>\n<p>Ter\u00f6r \u00f6rg\u00fctleri medya ara\u00e7lar\u0131nda \u0130dlib ve Hama k\u0131rsallar\u0131nda \u00c7e\u00e7en ve T\u00fcrkistan uyruklular\u0131n\u0131n aralar\u0131nda bulundu\u011fu 15 ter\u00f6ristin \u00f6ld\u00fcr\u00fclmelerine ek olarak Cisre\u015f\u015fu\u011fur k\u0131rsal\u0131 Kfeyr B\u00f6lgesinde Nusra Cephesinden intihar eylemcisi bir ter\u00f6ristin kulland\u0131\u011f\u0131 bombal\u0131 ara\u00e7la kendini havaya u\u00e7urdu\u011funu aktard\u0131.<\/p>\n<p>Ter\u00f6ristler yine medya ara\u00e7lar\u0131nda \u2018Fetih Ordusunun\u2019 en b\u00fcy\u00fck bile\u015fenlerinden biri olan Nusra Cephesinden ter\u00f6ristlerin pusuya d\u00fc\u015f\u00fcr\u00fcld\u00fcklerini ve \u2018\u0130n\u011fimasiyin Gruplar\u0131\u2019 olarak bilinen ter\u00f6r \u00e7etelerinin komutan\u0131 \u00dcrd\u00fcnl\u00fc \u2018Ebu Celmud el Makdisi\u2019 kod adl\u0131 Enes Kabalan ve \u2018Fetih Ordusu\u2019nun az\u0131l\u0131 saha komutanlar\u0131ndan Muhammed \u011eaban\u2019\u0131n aralar\u0131nda bulundu\u011fu 14 ter\u00f6ristin \u00f6ld\u00fcklerini itiraf etti.<\/p>\n<p>A.A. &#8211; M.M.<\/p>\n","protected":false},"excerpt":{"rendered":"<p>\u0130LLER \u2013 Ba\u015fta T\u00fcrkiye&#8217;deki ihvanc\u0131 Erdo\u011fan rejimi olmak \u00fczere kimi devletlerin Suriye ve halk\u0131na kar\u015f\u0131 destekledikleri tekfirci ter\u00f6ristlere y\u00f6nelik operasyonlar ba\u015far\u0131yla devam ediyor. \u015eAM KIRSALI : Saha kaynaklar\u0131 SANA muhabirine a\u00e7\u0131klamas\u0131nda ordu birliklerimizin L\u00fcbnan direni\u015f g\u00fc\u00e7leriyle i\u015fbirli\u011fi i\u00e7inde \u015eam k\u0131rsal\u0131 Zebadani\u2019nin g\u00fcneyi Barada Yolu ekseni, Zehra Kalesi ekseni ve Zebadani Kentinin kuzeybat\u0131 kenarlar\u0131na d\u00fc\u015fen Nabou &hellip;<\/p>\n","protected":false},"author":1,"featured_media":41904,"comment_status":"closed","ping_status":"closed","sticky":false,"template":"","format":"standard","meta":{"footnotes":""},"categories":[575],"tags":[16037],"class_list":["post-41903","post","type-post","status-publish","format-standard","has-post-thumbnail","","category-olaylar-ve-gercekler","tag-tekfirci-teroristlerin-mevki-ve-araclari-imha-edildi"],"_links":{"self":[{"href":"https:\/\/archive.sana.sy\/tr\/index.php?rest_route=\/wp\/v2\/posts\/41903","targetHints":{"allow":["GET"]}}],"collection":[{"href":"https:\/\/archive.sana.sy\/tr\/index.php?rest_route=\/wp\/v2\/posts"}],"about":[{"href":"https:\/\/archive.sana.sy\/tr\/index.php?rest_route=\/wp\/v2\/types\/post"}],"author":[{"embeddable":true,"href":"https:\/\/archive.sana.sy\/tr\/index.php?rest_route=\/wp\/v2\/users\/1"}],"replies":[{"embeddable":true,"href":"https:\/\/archive.sana.sy\/tr\/index.php?rest_route=%2Fwp%2Fv2%2Fcomments&post=41903"}],"version-history":[{"count":0,"href":"https:\/\/archive.sana.sy\/tr\/index.php?rest_route=\/wp\/v2\/posts\/41903\/revisions"}],"wp:featuredmedia":[{"embeddable":true,"href":"https:\/\/archive.sana.sy\/tr\/index.php?rest_route=\/wp\/v2\/media\/41904"}],"wp:attachment":[{"href":"https:\/\/archive.sana.sy\/tr\/index.php?rest_route=%2Fwp%2Fv2%2Fmedia&parent=41903"}],"wp:term":[{"taxonomy":"category","embeddable":true,"href":"https:\/\/archive.sana.sy\/tr\/index.php?rest_route=%2Fwp%2Fv2%2Fcategories&post=41903"},{"taxonomy":"post_tag","embeddable":true,"href":"https:\/\/archive.sana.sy\/tr\/index.php?rest_route=%2Fwp%2Fv2%2Ftags&post=41903"}],"curies":[{"name":"wp","href":"https:\/\/api.w.org\/{rel}","templated":true}]}}