{"id":41919,"date":"2015-07-29T16:03:47","date_gmt":"2015-07-29T13:03:47","guid":{"rendered":"http:\/\/sana.sy\/tr\/?p=41919"},"modified":"2015-07-29T16:03:47","modified_gmt":"2015-07-29T13:03:47","slug":"uluslararasi-kanunlar-kapsaminda-toplu-mucadele-olmadigi-surece-faydasizdir","status":"publish","type":"post","link":"https:\/\/archive.sana.sy\/tr\/?p=41919","title":{"rendered":"Uluslararas\u0131 Kanunlar Kapsam\u0131nda Toplu M\u00fccadele Olmad\u0131\u011f\u0131 S\u00fcrece Faydas\u0131zd\u0131r"},"content":{"rendered":"<p>MOSKOVA \u2013 Rusya Federasyonu Ba\u015fkan\u0131 Vladimir Putin ter\u00f6rle m\u00fccadelenin ancak ve ancak uluslar aras\u0131 kanun ve kararlar temelinde organizeli ve devaml\u0131 ortak \u00e7abalar sonucunda ba\u015far\u0131l\u0131 olabilece\u011fini belirtti.<\/p>\n<p>Rusya Federal G\u00fcvenlik Kurumuna dost yabanc\u0131 istihbarat kurumlar\u0131 ba\u015fkanlar\u0131n\u0131n Moskova\u2019n\u0131n kuzeyi Yaroslavl Kentinde d\u00fczenledikleri oturum kat\u0131l\u0131mc\u0131lar\u0131na g\u00f6nderdi\u011fi mesaj\u0131nda Putin; ter\u00f6ristlerin faaliyetlerini yo\u011funla\u015ft\u0131rmalar\u0131 ve radikal cemaatlerin k\u0131talar \u00f6tesi organize su\u00e7larla b\u00fct\u00fcnle\u015fmelerinin d\u00fcnya ve halklar\u0131n\u0131 tehdit eden en b\u00fcy\u00fck tehlikeyi te\u015fkil ettiklerine dikkat \u00e7ekti. Putin bu tehlikeye kar\u015f\u0131 m\u00fccadele yollar\u0131n\u0131n ara\u015ft\u0131r\u0131lmas\u0131 a\u00e7\u0131s\u0131ndan toplant\u0131n\u0131n \u00f6nemine vurgu yapt\u0131.<\/p>\n<p>Putin Ortado\u011fu ve Kuzey Afrika\u2019daki durumlar\u0131n ya\u015fanan ter\u00f6r nedeniyle b\u00fcy\u00fck bir endi\u015fe kayna\u011f\u0131 oldu\u011funa ifade ederek, ter\u00f6ristlerin bu b\u00f6lgeleri d\u00fcnya g\u00fcvenli\u011fini tehdit edecek karargahlar\u0131 haline getirmeye \u00e7al\u0131\u015ft\u0131klar\u0131n\u0131, bunun i\u00e7inde s\u00fcrekli yeni ter\u00f6ristleri \u00f6rg\u00fctleyip e\u011fittiklerini belirtti.<\/p>\n<p>A.A. &#8211; M.M.<\/p>\n","protected":false},"excerpt":{"rendered":"<p>MOSKOVA \u2013 Rusya Federasyonu Ba\u015fkan\u0131 Vladimir Putin ter\u00f6rle m\u00fccadelenin ancak ve ancak uluslar aras\u0131 kanun ve kararlar temelinde organizeli ve devaml\u0131 ortak \u00e7abalar sonucunda ba\u015far\u0131l\u0131 olabilece\u011fini belirtti. Rusya Federal G\u00fcvenlik Kurumuna dost yabanc\u0131 istihbarat kurumlar\u0131 ba\u015fkanlar\u0131n\u0131n Moskova\u2019n\u0131n kuzeyi Yaroslavl Kentinde d\u00fczenledikleri oturum kat\u0131l\u0131mc\u0131lar\u0131na g\u00f6nderdi\u011fi mesaj\u0131nda Putin; ter\u00f6ristlerin faaliyetlerini yo\u011funla\u015ft\u0131rmalar\u0131 ve radikal cemaatlerin k\u0131talar \u00f6tesi organize &hellip;<\/p>\n","protected":false},"author":1,"featured_media":41920,"comment_status":"closed","ping_status":"closed","sticky":false,"template":"","format":"standard","meta":{"footnotes":""},"categories":[458,459,447],"tags":[16042],"class_list":["post-41919","post","type-post","status-publish","format-standard","has-post-thumbnail","","category-dunya1","category-haberler-arap-uluslararasi-politika","category-politika","tag-uluslararasi-kanunlar-kapsaminda-toplu-mucadele-olmadigi-surece-faydasizdir"],"_links":{"self":[{"href":"https:\/\/archive.sana.sy\/tr\/index.php?rest_route=\/wp\/v2\/posts\/41919","targetHints":{"allow":["GET"]}}],"collection":[{"href":"https:\/\/archive.sana.sy\/tr\/index.php?rest_route=\/wp\/v2\/posts"}],"about":[{"href":"https:\/\/archive.sana.sy\/tr\/index.php?rest_route=\/wp\/v2\/types\/post"}],"author":[{"embeddable":true,"href":"https:\/\/archive.sana.sy\/tr\/index.php?rest_route=\/wp\/v2\/users\/1"}],"replies":[{"embeddable":true,"href":"https:\/\/archive.sana.sy\/tr\/index.php?rest_route=%2Fwp%2Fv2%2Fcomments&post=41919"}],"version-history":[{"count":0,"href":"https:\/\/archive.sana.sy\/tr\/index.php?rest_route=\/wp\/v2\/posts\/41919\/revisions"}],"wp:featuredmedia":[{"embeddable":true,"href":"https:\/\/archive.sana.sy\/tr\/index.php?rest_route=\/wp\/v2\/media\/41920"}],"wp:attachment":[{"href":"https:\/\/archive.sana.sy\/tr\/index.php?rest_route=%2Fwp%2Fv2%2Fmedia&parent=41919"}],"wp:term":[{"taxonomy":"category","embeddable":true,"href":"https:\/\/archive.sana.sy\/tr\/index.php?rest_route=%2Fwp%2Fv2%2Fcategories&post=41919"},{"taxonomy":"post_tag","embeddable":true,"href":"https:\/\/archive.sana.sy\/tr\/index.php?rest_route=%2Fwp%2Fv2%2Ftags&post=41919"}],"curies":[{"name":"wp","href":"https:\/\/api.w.org\/{rel}","templated":true}]}}