{"id":4193,"date":"2014-06-29T14:34:57","date_gmt":"2014-06-29T11:34:57","guid":{"rendered":"http:\/\/www.sana.sy\/tr\/?p=4193"},"modified":"2014-06-30T13:14:10","modified_gmt":"2014-06-30T10:14:10","slug":"gaddar-saldirilarinda-anne-sehit-dustu-cocugu-da-yaralandi","status":"publish","type":"post","link":"https:\/\/archive.sana.sy\/tr\/?p=4193","title":{"rendered":"Gaddar Sald\u0131r\u0131lar\u0131nda Anne \u015eehit D\u00fc\u015ft\u00fc, \u00c7ocu\u011fu da Yaraland\u0131"},"content":{"rendered":"<p>\u0130DL\u0130B \u2013 \u00c7okuluslu tekfirci ve hain ter\u00f6r \u00e7eteleri sivil yerle\u015fim alanlar\u0131na hain sald\u0131r\u0131lar\u0131n\u0131 s\u00fcrd\u00fcr\u00fcrlerken, \u0130dlib Kentinde Adliye Saray\u0131 yak\u0131nlar\u0131ndaki sivil evleri havan toplar\u0131yla hedef ald\u0131lar.<\/p>\n<p>\u0130dlib Valili\u011finde yetkili bir kaynak ter\u00f6r \u00e7etelerinin s\u00f6z konusu havan sald\u0131r\u0131lar\u0131 neticesinde bir annenin \u015fehit d\u00fc\u015ft\u00fc\u011f\u00fcn\u00fc, evde bulunan k\u00fc\u00e7\u00fck o\u011flunun da yaraland\u0131\u011f\u0131n\u0131 aktard\u0131.<\/p>\n<p>Kaynak \u0130dlib Kentinin gece boyunca ve sabah saatlerinde ter\u00f6ristlerin muhtelif t\u00fcr roketleri ve havan sald\u0131r\u0131lar\u0131na maruz kald\u0131\u011f\u0131n\u0131 belirtirken, vatanda\u015flar\u0131n m\u00fclklerinde b\u00fcy\u00fck hasarlar\u0131n olu\u015ftu\u011funu s\u00f6yledi.<\/p>\n","protected":false},"excerpt":{"rendered":"<p>\u0130DL\u0130B \u2013 \u00c7okuluslu tekfirci ve hain ter\u00f6r \u00e7eteleri sivil yerle\u015fim alanlar\u0131na hain sald\u0131r\u0131lar\u0131n\u0131 s\u00fcrd\u00fcr\u00fcrlerken, \u0130dlib Kentinde Adliye Saray\u0131 yak\u0131nlar\u0131ndaki sivil evleri havan toplar\u0131yla hedef ald\u0131lar. \u0130dlib Valili\u011finde yetkili bir kaynak ter\u00f6r \u00e7etelerinin s\u00f6z konusu havan sald\u0131r\u0131lar\u0131 neticesinde bir annenin \u015fehit d\u00fc\u015ft\u00fc\u011f\u00fcn\u00fc, evde bulunan k\u00fc\u00e7\u00fck o\u011flunun da yaraland\u0131\u011f\u0131n\u0131 aktard\u0131. Kaynak \u0130dlib Kentinin gece boyunca ve sabah &hellip;<\/p>\n","protected":false},"author":1,"featured_media":4194,"comment_status":"closed","ping_status":"closed","sticky":false,"template":"","format":"standard","meta":{"footnotes":""},"categories":[575],"tags":[908,907],"class_list":["post-4193","post","type-post","status-publish","format-standard","has-post-thumbnail","","category-olaylar-ve-gercekler","tag-cocugu-da-yaralandi","tag-gaddar-saldirilarinda-anne-sehit-dustu"],"_links":{"self":[{"href":"https:\/\/archive.sana.sy\/tr\/index.php?rest_route=\/wp\/v2\/posts\/4193","targetHints":{"allow":["GET"]}}],"collection":[{"href":"https:\/\/archive.sana.sy\/tr\/index.php?rest_route=\/wp\/v2\/posts"}],"about":[{"href":"https:\/\/archive.sana.sy\/tr\/index.php?rest_route=\/wp\/v2\/types\/post"}],"author":[{"embeddable":true,"href":"https:\/\/archive.sana.sy\/tr\/index.php?rest_route=\/wp\/v2\/users\/1"}],"replies":[{"embeddable":true,"href":"https:\/\/archive.sana.sy\/tr\/index.php?rest_route=%2Fwp%2Fv2%2Fcomments&post=4193"}],"version-history":[{"count":0,"href":"https:\/\/archive.sana.sy\/tr\/index.php?rest_route=\/wp\/v2\/posts\/4193\/revisions"}],"wp:featuredmedia":[{"embeddable":true,"href":"https:\/\/archive.sana.sy\/tr\/index.php?rest_route=\/wp\/v2\/media\/4194"}],"wp:attachment":[{"href":"https:\/\/archive.sana.sy\/tr\/index.php?rest_route=%2Fwp%2Fv2%2Fmedia&parent=4193"}],"wp:term":[{"taxonomy":"category","embeddable":true,"href":"https:\/\/archive.sana.sy\/tr\/index.php?rest_route=%2Fwp%2Fv2%2Fcategories&post=4193"},{"taxonomy":"post_tag","embeddable":true,"href":"https:\/\/archive.sana.sy\/tr\/index.php?rest_route=%2Fwp%2Fv2%2Ftags&post=4193"}],"curies":[{"name":"wp","href":"https:\/\/api.w.org\/{rel}","templated":true}]}}