{"id":41937,"date":"2015-07-29T16:30:30","date_gmt":"2015-07-29T13:30:30","guid":{"rendered":"http:\/\/www.sana.sy\/tr\/?p=41937"},"modified":"2015-07-29T17:00:11","modified_gmt":"2015-07-29T14:00:11","slug":"suriyenin-turkiyedeki-rejimin-kendini-kurban-olarak-gostermesi-ve-nefsi-mudafaa-icinde-oldugunu-iddia-etmesini-kesinlikle-reddettigini-ifade-eden-bakanlik-tum-dunyanin-soz-konusu-bu-rejimin-isid","status":"publish","type":"post","link":"https:\/\/archive.sana.sy\/tr\/?p=41937","title":{"rendered":"Suriye&#8217;nin; T\u00fcrkiye&#8217;deki rejimin kendini kurban olarak g\u00f6stermesi ve nefsi m\u00fcdafaa i\u00e7inde oldu\u011funu iddia etmesini kesinlikle reddetti\u011fini ifade eden Bakanl\u0131k; t\u00fcm d\u00fcnyan\u0131n s\u00f6z konusu bu rejimin I\u015e\u0130D, Nusra Cephesi ve daha ba\u015fka ter\u00f6r \u00f6rg\u00fctlere takdim etti\u011fi deste\u011fin nitelik ve niceli\u011fini gayet iyi bildi\u011finin alt\u0131n\u0131 \u00e7izdi."},"content":{"rendered":"<p>Suriye&#8217;nin; T\u00fcrkiye&#8217;deki rejimin kendini kurban olarak g\u00f6stermesi ve nefsi m\u00fcdafaa i\u00e7inde oldu\u011funu iddia etmesini kesinlikle reddetti\u011fini ifade eden Bakanl\u0131k; t\u00fcm d\u00fcnyan\u0131n s\u00f6z konusu bu rejimin I\u015e\u0130D, Nusra Cephesi ve daha ba\u015fka ter\u00f6r \u00f6rg\u00fctlere takdim etti\u011fi deste\u011fin nitelik ve niceli\u011fini gayet iyi bildi\u011finin alt\u0131n\u0131 \u00e7izdi.<\/p>\n","protected":false},"excerpt":{"rendered":"<p>Suriye&#8217;nin; T\u00fcrkiye&#8217;deki rejimin kendini kurban olarak g\u00f6stermesi ve nefsi m\u00fcdafaa i\u00e7inde oldu\u011funu iddia etmesini kesinlikle reddetti\u011fini ifade eden Bakanl\u0131k; t\u00fcm d\u00fcnyan\u0131n s\u00f6z konusu bu rejimin I\u015e\u0130D, Nusra Cephesi ve daha ba\u015fka ter\u00f6r \u00f6rg\u00fctlere takdim etti\u011fi deste\u011fin nitelik ve niceli\u011fini gayet iyi bildi\u011finin alt\u0131n\u0131 \u00e7izdi.<\/p>\n","protected":false},"author":1,"featured_media":0,"comment_status":"closed","ping_status":"closed","sticky":false,"template":"","format":"standard","meta":{"footnotes":""},"categories":[1],"tags":[],"class_list":["post-41937","post","type-post","status-publish","format-standard","","category-news-not-sorted"],"_links":{"self":[{"href":"https:\/\/archive.sana.sy\/tr\/index.php?rest_route=\/wp\/v2\/posts\/41937","targetHints":{"allow":["GET"]}}],"collection":[{"href":"https:\/\/archive.sana.sy\/tr\/index.php?rest_route=\/wp\/v2\/posts"}],"about":[{"href":"https:\/\/archive.sana.sy\/tr\/index.php?rest_route=\/wp\/v2\/types\/post"}],"author":[{"embeddable":true,"href":"https:\/\/archive.sana.sy\/tr\/index.php?rest_route=\/wp\/v2\/users\/1"}],"replies":[{"embeddable":true,"href":"https:\/\/archive.sana.sy\/tr\/index.php?rest_route=%2Fwp%2Fv2%2Fcomments&post=41937"}],"version-history":[{"count":0,"href":"https:\/\/archive.sana.sy\/tr\/index.php?rest_route=\/wp\/v2\/posts\/41937\/revisions"}],"wp:attachment":[{"href":"https:\/\/archive.sana.sy\/tr\/index.php?rest_route=%2Fwp%2Fv2%2Fmedia&parent=41937"}],"wp:term":[{"taxonomy":"category","embeddable":true,"href":"https:\/\/archive.sana.sy\/tr\/index.php?rest_route=%2Fwp%2Fv2%2Fcategories&post=41937"},{"taxonomy":"post_tag","embeddable":true,"href":"https:\/\/archive.sana.sy\/tr\/index.php?rest_route=%2Fwp%2Fv2%2Ftags&post=41937"}],"curies":[{"name":"wp","href":"https:\/\/api.w.org\/{rel}","templated":true}]}}