{"id":41959,"date":"2015-07-30T09:20:42","date_gmt":"2015-07-30T06:20:42","guid":{"rendered":"http:\/\/www.sana.sy\/tr\/?p=41959"},"modified":"2015-07-30T12:25:26","modified_gmt":"2015-07-30T09:25:26","slug":"dera-ve-kirsalinda-israil-ve-urdunun-destekledikleri-tekfirci-teroristlere-yonelik-operasyonlari-kapsaminda-ordu-birliklerimiz-dera-kentinin-dogu-kenarlarinda-tekfirci-teroristlerin-zirhli-bi","status":"publish","type":"post","link":"https:\/\/archive.sana.sy\/tr\/?p=41959","title":{"rendered":"Dera ve k\u0131rsal\u0131nda \u0130srail ve \u00dcrd\u00fcn\u2019\u00fcn destekledikleri tekfirci ter\u00f6ristlere y\u00f6nelik operasyonlar\u0131 kapsam\u0131nda ordu birliklerimiz Dera Kentinin do\u011fu kenarlar\u0131nda tekfirci ter\u00f6ristlerin z\u0131rhl\u0131 bir arac\u0131n\u0131 ta\u015f\u0131d\u0131\u011f\u0131 ter\u00f6ristlerle birlikte imha etti."},"content":{"rendered":"<p>Dera ve k\u0131rsal\u0131nda \u0130srail ve \u00dcrd\u00fcn\u2019\u00fcn destekledikleri tekfirci ter\u00f6ristlere y\u00f6nelik operasyonlar\u0131 kapsam\u0131nda ordu birliklerimiz Dera Kentinin do\u011fu kenarlar\u0131nda tekfirci ter\u00f6ristlerin z\u0131rhl\u0131 bir arac\u0131n\u0131 ta\u015f\u0131d\u0131\u011f\u0131 ter\u00f6ristlerle birlikte imha etti.<\/p>\n","protected":false},"excerpt":{"rendered":"<p>Dera ve k\u0131rsal\u0131nda \u0130srail ve \u00dcrd\u00fcn\u2019\u00fcn destekledikleri tekfirci ter\u00f6ristlere y\u00f6nelik operasyonlar\u0131 kapsam\u0131nda ordu birliklerimiz Dera Kentinin do\u011fu kenarlar\u0131nda tekfirci ter\u00f6ristlerin z\u0131rhl\u0131 bir arac\u0131n\u0131 ta\u015f\u0131d\u0131\u011f\u0131 ter\u00f6ristlerle birlikte imha etti.<\/p>\n","protected":false},"author":1,"featured_media":0,"comment_status":"closed","ping_status":"closed","sticky":false,"template":"","format":"standard","meta":{"footnotes":""},"categories":[1],"tags":[],"class_list":["post-41959","post","type-post","status-publish","format-standard","","category-news-not-sorted"],"_links":{"self":[{"href":"https:\/\/archive.sana.sy\/tr\/index.php?rest_route=\/wp\/v2\/posts\/41959","targetHints":{"allow":["GET"]}}],"collection":[{"href":"https:\/\/archive.sana.sy\/tr\/index.php?rest_route=\/wp\/v2\/posts"}],"about":[{"href":"https:\/\/archive.sana.sy\/tr\/index.php?rest_route=\/wp\/v2\/types\/post"}],"author":[{"embeddable":true,"href":"https:\/\/archive.sana.sy\/tr\/index.php?rest_route=\/wp\/v2\/users\/1"}],"replies":[{"embeddable":true,"href":"https:\/\/archive.sana.sy\/tr\/index.php?rest_route=%2Fwp%2Fv2%2Fcomments&post=41959"}],"version-history":[{"count":0,"href":"https:\/\/archive.sana.sy\/tr\/index.php?rest_route=\/wp\/v2\/posts\/41959\/revisions"}],"wp:attachment":[{"href":"https:\/\/archive.sana.sy\/tr\/index.php?rest_route=%2Fwp%2Fv2%2Fmedia&parent=41959"}],"wp:term":[{"taxonomy":"category","embeddable":true,"href":"https:\/\/archive.sana.sy\/tr\/index.php?rest_route=%2Fwp%2Fv2%2Fcategories&post=41959"},{"taxonomy":"post_tag","embeddable":true,"href":"https:\/\/archive.sana.sy\/tr\/index.php?rest_route=%2Fwp%2Fv2%2Ftags&post=41959"}],"curies":[{"name":"wp","href":"https:\/\/api.w.org\/{rel}","templated":true}]}}