{"id":41960,"date":"2015-07-30T01:15:52","date_gmt":"2015-07-29T22:15:52","guid":{"rendered":"http:\/\/www.sana.sy\/tr\/?p=41960"},"modified":"2015-07-30T11:48:29","modified_gmt":"2015-07-30T08:48:29","slug":"sanaya-aciklama-yapan-askeri-kaynak-ordu-birliklerimizin-dun-aksam-saatlerinde-idlib-ve-hama-kirsallarinin-bulustuklari-bolgelerde-mansura-hurbat-el-nakus-tel-vasit-tel-deyr-ve-tel-bekri-b","status":"publish","type":"post","link":"https:\/\/archive.sana.sy\/tr\/?p=41960","title":{"rendered":"SANA\u2019ya a\u00e7\u0131klama yapan askeri kaynak ordu birliklerimizin d\u00fcn ak\u015fam saatlerinde \u0130dlib ve Hama k\u0131rsallar\u0131n\u0131n bulu\u015ftuklar\u0131 b\u00f6lgelerde Mansura, Hurbat el Nakus, Tel Vasit, Tel Deyr ve Tel Bekri b\u00f6lgelerinde y\u00fczlerce ter\u00f6risti \u00f6ld\u00fcrmeleri ard\u0131ndan t\u00fcm b\u00f6lgeleri kontrollerine ald\u0131klar\u0131n\u0131 belirtti."},"content":{"rendered":"<p>SANA\u2019ya a\u00e7\u0131klama yapan askeri kaynak ordu birliklerimizin d\u00fcn ak\u015fam saatlerinde \u0130dlib ve Hama k\u0131rsallar\u0131n\u0131n bulu\u015ftuklar\u0131 b\u00f6lgelerde Mansura, Hurbat el Nakus, Tel Vasit, Tel Deyr ve Tel Bekri b\u00f6lgelerinde y\u00fczlerce ter\u00f6risti \u00f6ld\u00fcrmeleri ard\u0131ndan t\u00fcm b\u00f6lgeleri kontrollerine ald\u0131klar\u0131n\u0131 belirtti.<\/p>\n","protected":false},"excerpt":{"rendered":"<p>SANA\u2019ya a\u00e7\u0131klama yapan askeri kaynak ordu birliklerimizin d\u00fcn ak\u015fam saatlerinde \u0130dlib ve Hama k\u0131rsallar\u0131n\u0131n bulu\u015ftuklar\u0131 b\u00f6lgelerde Mansura, Hurbat el Nakus, Tel Vasit, Tel Deyr ve Tel Bekri b\u00f6lgelerinde y\u00fczlerce ter\u00f6risti \u00f6ld\u00fcrmeleri ard\u0131ndan t\u00fcm b\u00f6lgeleri kontrollerine ald\u0131klar\u0131n\u0131 belirtti.<\/p>\n","protected":false},"author":1,"featured_media":0,"comment_status":"closed","ping_status":"closed","sticky":false,"template":"","format":"standard","meta":{"footnotes":""},"categories":[1],"tags":[],"class_list":["post-41960","post","type-post","status-publish","format-standard","","category-news-not-sorted"],"_links":{"self":[{"href":"https:\/\/archive.sana.sy\/tr\/index.php?rest_route=\/wp\/v2\/posts\/41960","targetHints":{"allow":["GET"]}}],"collection":[{"href":"https:\/\/archive.sana.sy\/tr\/index.php?rest_route=\/wp\/v2\/posts"}],"about":[{"href":"https:\/\/archive.sana.sy\/tr\/index.php?rest_route=\/wp\/v2\/types\/post"}],"author":[{"embeddable":true,"href":"https:\/\/archive.sana.sy\/tr\/index.php?rest_route=\/wp\/v2\/users\/1"}],"replies":[{"embeddable":true,"href":"https:\/\/archive.sana.sy\/tr\/index.php?rest_route=%2Fwp%2Fv2%2Fcomments&post=41960"}],"version-history":[{"count":0,"href":"https:\/\/archive.sana.sy\/tr\/index.php?rest_route=\/wp\/v2\/posts\/41960\/revisions"}],"wp:attachment":[{"href":"https:\/\/archive.sana.sy\/tr\/index.php?rest_route=%2Fwp%2Fv2%2Fmedia&parent=41960"}],"wp:term":[{"taxonomy":"category","embeddable":true,"href":"https:\/\/archive.sana.sy\/tr\/index.php?rest_route=%2Fwp%2Fv2%2Fcategories&post=41960"},{"taxonomy":"post_tag","embeddable":true,"href":"https:\/\/archive.sana.sy\/tr\/index.php?rest_route=%2Fwp%2Fv2%2Ftags&post=41960"}],"curies":[{"name":"wp","href":"https:\/\/api.w.org\/{rel}","templated":true}]}}