{"id":41990,"date":"2015-07-30T12:18:09","date_gmt":"2015-07-30T09:18:09","guid":{"rendered":"http:\/\/sana.sy\/tr\/?p=41990"},"modified":"2015-07-30T12:18:09","modified_gmt":"2015-07-30T09:18:09","slug":"turkiye-ve-israil-terore-desteklerini-kesmelerine-zorlanmalilar","status":"publish","type":"post","link":"https:\/\/archive.sana.sy\/tr\/?p=41990","title":{"rendered":"T\u00fcrkiye ve \u0130srail Ter\u00f6re Desteklerini Kesmelerine Zorlanmal\u0131lar"},"content":{"rendered":"<p>NEW YORK \u2013 Suriye&#8217;nin Birle\u015fmi\u015f Milletlerdeki Daimi Temsilcisi Be\u015f\u015far el Caferi Suriye h\u00fck\u00fcmetinin siyasi \u00e7\u00f6z\u00fcm sa\u011flayacak t\u00fcm \u00e7abalar\u0131 destekledi\u011fini belirterek, Suriye a\u00e7\u0131s\u0131ndan ter\u00f6rle m\u00fccadelenin \u00f6ncelik oldu\u011funu vurgulad\u0131.<\/p>\n<p>G\u00fcvenlik Konseyinin d\u00fczenledi\u011fi oturum ard\u0131ndan BM binas\u0131nda yapt\u0131\u011f\u0131 bas\u0131n a\u00e7\u0131klamas\u0131nda Caferi; BM\u2019nin Suriye \u00f6zel temsilcisi Staffan de Mistura\u2019ya, \u2018Suriye a\u00e7\u0131s\u0131ndan ter\u00f6rle m\u00fccadelenin \u00f6ncelikli ve gerekli oldu\u011funu belirtti\u011fini ifade etti. Caferi de Mistura\u2019ya ayr\u0131ca gerekti\u011fi gibi ter\u00f6rle m\u00fccadele olmad\u0131\u011f\u0131 s\u00fcrece di\u011fer ad\u0131m ve \u00e7abalar\u0131n ba\u015far\u0131l\u0131 olamayaca\u011f\u0131n\u0131 ifade etti\u011fini a\u00e7\u0131klad\u0131.<\/p>\n<p>Suriye&#8217;nin tan\u0131k oldu\u011fu krize siyasi ve bar\u0131\u015f\u00e7\u0131l \u00e7\u00f6z\u00fcm arzu etti\u011fini ifade eden Caferi; fakat d\u00fcnyan\u0131n her yerinden toplan\u0131lan tekfirci ve kiral\u0131k ter\u00f6ristlerin T\u00fcrkiye s\u0131n\u0131rlar\u0131ndan akt\u0131\u011f\u0131 s\u00fcrece bu siyasi ve bar\u0131\u015f\u00e7\u0131l y\u00f6nde at\u0131lacak ad\u0131mlar\u0131n hi\u00e7bir faydas\u0131 olmayaca\u011f\u0131n\u0131n alt\u0131n\u0131 \u00e7izdi. Caferi bu ba\u011flamda ayn\u0131 zamanda \u0130srail\u2019in de Golan topraklar\u0131nda ter\u00f6ristlere deste\u011fini kesmesine zorlanmas\u0131 gerekti\u011fini vurgulad\u0131.<\/p>\n<p>A.A. &#8211; R.H.<\/p>\n","protected":false},"excerpt":{"rendered":"<p>NEW YORK \u2013 Suriye&#8217;nin Birle\u015fmi\u015f Milletlerdeki Daimi Temsilcisi Be\u015f\u015far el Caferi Suriye h\u00fck\u00fcmetinin siyasi \u00e7\u00f6z\u00fcm sa\u011flayacak t\u00fcm \u00e7abalar\u0131 destekledi\u011fini belirterek, Suriye a\u00e7\u0131s\u0131ndan ter\u00f6rle m\u00fccadelenin \u00f6ncelik oldu\u011funu vurgulad\u0131. G\u00fcvenlik Konseyinin d\u00fczenledi\u011fi oturum ard\u0131ndan BM binas\u0131nda yapt\u0131\u011f\u0131 bas\u0131n a\u00e7\u0131klamas\u0131nda Caferi; BM\u2019nin Suriye \u00f6zel temsilcisi Staffan de Mistura\u2019ya, \u2018Suriye a\u00e7\u0131s\u0131ndan ter\u00f6rle m\u00fccadelenin \u00f6ncelikli ve gerekli oldu\u011funu belirtti\u011fini ifade &hellip;<\/p>\n","protected":false},"author":1,"featured_media":41992,"comment_status":"closed","ping_status":"closed","sticky":false,"template":"","format":"standard","meta":{"footnotes":""},"categories":[458,459,447],"tags":[],"class_list":["post-41990","post","type-post","status-publish","format-standard","has-post-thumbnail","","category-dunya1","category-haberler-arap-uluslararasi-politika","category-politika"],"_links":{"self":[{"href":"https:\/\/archive.sana.sy\/tr\/index.php?rest_route=\/wp\/v2\/posts\/41990","targetHints":{"allow":["GET"]}}],"collection":[{"href":"https:\/\/archive.sana.sy\/tr\/index.php?rest_route=\/wp\/v2\/posts"}],"about":[{"href":"https:\/\/archive.sana.sy\/tr\/index.php?rest_route=\/wp\/v2\/types\/post"}],"author":[{"embeddable":true,"href":"https:\/\/archive.sana.sy\/tr\/index.php?rest_route=\/wp\/v2\/users\/1"}],"replies":[{"embeddable":true,"href":"https:\/\/archive.sana.sy\/tr\/index.php?rest_route=%2Fwp%2Fv2%2Fcomments&post=41990"}],"version-history":[{"count":0,"href":"https:\/\/archive.sana.sy\/tr\/index.php?rest_route=\/wp\/v2\/posts\/41990\/revisions"}],"wp:featuredmedia":[{"embeddable":true,"href":"https:\/\/archive.sana.sy\/tr\/index.php?rest_route=\/wp\/v2\/media\/41992"}],"wp:attachment":[{"href":"https:\/\/archive.sana.sy\/tr\/index.php?rest_route=%2Fwp%2Fv2%2Fmedia&parent=41990"}],"wp:term":[{"taxonomy":"category","embeddable":true,"href":"https:\/\/archive.sana.sy\/tr\/index.php?rest_route=%2Fwp%2Fv2%2Fcategories&post=41990"},{"taxonomy":"post_tag","embeddable":true,"href":"https:\/\/archive.sana.sy\/tr\/index.php?rest_route=%2Fwp%2Fv2%2Ftags&post=41990"}],"curies":[{"name":"wp","href":"https:\/\/api.w.org\/{rel}","templated":true}]}}