{"id":42009,"date":"2015-07-30T14:24:55","date_gmt":"2015-07-30T11:24:55","guid":{"rendered":"http:\/\/sana.sy\/tr\/?p=42009"},"modified":"2015-07-30T14:24:55","modified_gmt":"2015-07-30T11:24:55","slug":"illerde-mali-ve-iktisadi-davalara-bakacak-uzman-ceza-mahkemeleri-kurulacak","status":"publish","type":"post","link":"https:\/\/archive.sana.sy\/tr\/?p=42009","title":{"rendered":"\u0130llerde Mali ve \u0130ktisadi Davalara Bakacak Uzman Ceza Mahkemeleri Kurulacak"},"content":{"rendered":"<p>\u015eAM \u2013 Cumhurba\u015fkan\u0131 Be\u015f\u015far el Esad bug\u00fcn illerde mali ve iktisadi davalara bakacak uzman ceza mahkemelerinin te\u015fkil edilmesini \u00f6ng\u00f6ren 2015\/15 say\u0131l\u0131 kanunu onaylad\u0131.<\/p>\n<p>Halk Meclisinin 28 Temmuz 2015 tarihli oturumunda tart\u0131\u015f\u0131p onaylamas\u0131 ard\u0131ndan cumhurba\u015fkanl\u0131\u011f\u0131na sevk etti\u011fi kanun t\u00fcm illerde y\u00fcr\u00fcrl\u00fckteki kanun ve d\u00fczenlemeler kapsam\u0131nda mali ve iktisadi davalara bakacak uzman cinayet, temyiz ve asliye mahkemelerinin te\u015fkil edilmesini \u00f6ng\u00f6r\u00fcyor.<\/p>\n<p>A.A. &#8211; M.M.<\/p>\n","protected":false},"excerpt":{"rendered":"<p>\u015eAM \u2013 Cumhurba\u015fkan\u0131 Be\u015f\u015far el Esad bug\u00fcn illerde mali ve iktisadi davalara bakacak uzman ceza mahkemelerinin te\u015fkil edilmesini \u00f6ng\u00f6ren 2015\/15 say\u0131l\u0131 kanunu onaylad\u0131. Halk Meclisinin 28 Temmuz 2015 tarihli oturumunda tart\u0131\u015f\u0131p onaylamas\u0131 ard\u0131ndan cumhurba\u015fkanl\u0131\u011f\u0131na sevk etti\u011fi kanun t\u00fcm illerde y\u00fcr\u00fcrl\u00fckteki kanun ve d\u00fczenlemeler kapsam\u0131nda mali ve iktisadi davalara bakacak uzman cinayet, temyiz ve asliye mahkemelerinin &hellip;<\/p>\n","protected":false},"author":1,"featured_media":42010,"comment_status":"closed","ping_status":"closed","sticky":false,"template":"","format":"standard","meta":{"footnotes":""},"categories":[479,605,612,599,478],"tags":[16048],"class_list":["post-42009","post","type-post","status-publish","format-standard","has-post-thumbnail","","category-haberler-yerel","category-sayin-cumhurbaskani","category-yasama-kararnameler","category-yasama-ve-kanunlar","category-yerel","tag-illerde-mali-ve-iktisadi-davalara-bakacak-uzman-ceza-mahkemeleri-kurulacak"],"_links":{"self":[{"href":"https:\/\/archive.sana.sy\/tr\/index.php?rest_route=\/wp\/v2\/posts\/42009","targetHints":{"allow":["GET"]}}],"collection":[{"href":"https:\/\/archive.sana.sy\/tr\/index.php?rest_route=\/wp\/v2\/posts"}],"about":[{"href":"https:\/\/archive.sana.sy\/tr\/index.php?rest_route=\/wp\/v2\/types\/post"}],"author":[{"embeddable":true,"href":"https:\/\/archive.sana.sy\/tr\/index.php?rest_route=\/wp\/v2\/users\/1"}],"replies":[{"embeddable":true,"href":"https:\/\/archive.sana.sy\/tr\/index.php?rest_route=%2Fwp%2Fv2%2Fcomments&post=42009"}],"version-history":[{"count":0,"href":"https:\/\/archive.sana.sy\/tr\/index.php?rest_route=\/wp\/v2\/posts\/42009\/revisions"}],"wp:featuredmedia":[{"embeddable":true,"href":"https:\/\/archive.sana.sy\/tr\/index.php?rest_route=\/wp\/v2\/media\/42010"}],"wp:attachment":[{"href":"https:\/\/archive.sana.sy\/tr\/index.php?rest_route=%2Fwp%2Fv2%2Fmedia&parent=42009"}],"wp:term":[{"taxonomy":"category","embeddable":true,"href":"https:\/\/archive.sana.sy\/tr\/index.php?rest_route=%2Fwp%2Fv2%2Fcategories&post=42009"},{"taxonomy":"post_tag","embeddable":true,"href":"https:\/\/archive.sana.sy\/tr\/index.php?rest_route=%2Fwp%2Fv2%2Ftags&post=42009"}],"curies":[{"name":"wp","href":"https:\/\/api.w.org\/{rel}","templated":true}]}}