{"id":42012,"date":"2015-07-30T14:43:05","date_gmt":"2015-07-30T11:43:05","guid":{"rendered":"http:\/\/sana.sy\/tr\/?p=42012"},"modified":"2015-07-30T14:43:05","modified_gmt":"2015-07-30T11:43:05","slug":"rusya-ile-kulturel-ve-ogretim-iliskileri-gelistirilecek","status":"publish","type":"post","link":"https:\/\/archive.sana.sy\/tr\/?p=42012","title":{"rendered":"Rusya ile K\u00fclt\u00fcrel ve \u00d6\u011fretim \u0130li\u015fkileri Geli\u015ftirilecek"},"content":{"rendered":"<p>\u015eAM \u2013 Y\u00fcksek \u00d6\u011fretim Bakan\u0131 Muhammed Amir Mardini bug\u00fcn Rusya\u2019n\u0131n \u015eam B\u00fcy\u00fckel\u00e7ili\u011finde bakan vekili Aalbroos Kotrashiv iki \u00fclke aras\u0131nda k\u00fclt\u00fcrel, e\u011fitim ve \u00f6\u011fretim ili\u015fkilerini masaya yat\u0131rd\u0131.<\/p>\n<p><a href=\"http:\/\/sana.sy\/tr\/wp-content\/uploads\/2015\/07\/Rusya-ile-K\u00fclt\u00fcrel-ve-\u00d6\u011fretim-\u0130li\u015fkileri-Geli\u015ftirilecek-1.jpg\"><img loading=\"lazy\" decoding=\"async\" class=\"alignright wp-image-42014 size-medium\" src=\"http:\/\/sana.sy\/tr\/wp-content\/uploads\/2015\/07\/Rusya-ile-K\u00fclt\u00fcrel-ve-\u00d6\u011fretim-\u0130li\u015fkileri-Geli\u015ftirilecek-1-300x175.jpg\" alt=\"Rusya ile K\u00fclt\u00fcrel ve \u00d6\u011fretim \u0130li\u015fkileri Geli\u015ftirilecek 1\" width=\"300\" height=\"175\" srcset=\"https:\/\/archive.sana.sy\/tr\/wp-content\/uploads\/2015\/07\/Rusya-ile-K\u00fclt\u00fcrel-ve-\u00d6\u011fretim-\u0130li\u015fkileri-Geli\u015ftirilecek-1-300x175.jpg 300w, https:\/\/archive.sana.sy\/tr\/wp-content\/uploads\/2015\/07\/Rusya-ile-K\u00fclt\u00fcrel-ve-\u00d6\u011fretim-\u0130li\u015fkileri-Geli\u015ftirilecek-1-150x88.jpg 150w, https:\/\/archive.sana.sy\/tr\/wp-content\/uploads\/2015\/07\/Rusya-ile-K\u00fclt\u00fcrel-ve-\u00d6\u011fretim-\u0130li\u015fkileri-Geli\u015ftirilecek-1-1024x598.jpg 1024w\" sizes=\"auto, (max-width: 300px) 100vw, 300px\" \/><\/a>Rusya&#8217;da mast\u0131r ve doktora yapan Suriyelilere burs say\u0131s\u0131n\u0131n artt\u0131r\u0131lmas\u0131yla i\u015fbirli\u011fini etkinle\u015ftirme \u00f6nemine dikkat \u00e7eken Mardini; Rus \u00fcniversitelerin Suriye&#8217;de \u015fubeler a\u00e7malar\u0131 \u00f6nemini belirtti. Mardini iki \u00fclke aras\u0131ndaki k\u00fclt\u00fcrel ili\u015fkilerin g\u00fc\u00e7lendirilmesi amac\u0131yla da okullar a\u00e7ma \u00e7a\u011fr\u0131s\u0131nda bulundu.<\/p>\n<p>Rusya&#8217;n\u0131n Suriye ile ili\u015fkilerine g\u00f6sterdi\u011fi \u00f6nem ve ilgiye i\u015faret eden Kotrashiv; g\u00f6r\u00fc\u015fmede al\u0131nan konular\u0131n hayata ge\u00e7irilmesi i\u00e7in B\u00fcy\u00fckel\u00e7ili\u011fin bu konular\u0131 yak\u0131ndan takip edece\u011fini s\u00f6yledi.<\/p>\n<p>A.A. &#8211; M.M.<\/p>\n","protected":false},"excerpt":{"rendered":"<p>\u015eAM \u2013 Y\u00fcksek \u00d6\u011fretim Bakan\u0131 Muhammed Amir Mardini bug\u00fcn Rusya\u2019n\u0131n \u015eam B\u00fcy\u00fckel\u00e7ili\u011finde bakan vekili Aalbroos Kotrashiv iki \u00fclke aras\u0131nda k\u00fclt\u00fcrel, e\u011fitim ve \u00f6\u011fretim ili\u015fkilerini masaya yat\u0131rd\u0131. Rusya&#8217;da mast\u0131r ve doktora yapan Suriyelilere burs say\u0131s\u0131n\u0131n artt\u0131r\u0131lmas\u0131yla i\u015fbirli\u011fini etkinle\u015ftirme \u00f6nemine dikkat \u00e7eken Mardini; Rus \u00fcniversitelerin Suriye&#8217;de \u015fubeler a\u00e7malar\u0131 \u00f6nemini belirtti. Mardini iki \u00fclke aras\u0131ndaki k\u00fclt\u00fcrel ili\u015fkilerin g\u00fc\u00e7lendirilmesi &hellip;<\/p>\n","protected":false},"author":1,"featured_media":42013,"comment_status":"closed","ping_status":"closed","sticky":false,"template":"","format":"standard","meta":{"footnotes":""},"categories":[479,478],"tags":[16049],"class_list":["post-42012","post","type-post","status-publish","format-standard","has-post-thumbnail","","category-haberler-yerel","category-yerel","tag-rusya-ile-kulturel-ve-ogretim-iliskileri-gelistirilecek"],"_links":{"self":[{"href":"https:\/\/archive.sana.sy\/tr\/index.php?rest_route=\/wp\/v2\/posts\/42012","targetHints":{"allow":["GET"]}}],"collection":[{"href":"https:\/\/archive.sana.sy\/tr\/index.php?rest_route=\/wp\/v2\/posts"}],"about":[{"href":"https:\/\/archive.sana.sy\/tr\/index.php?rest_route=\/wp\/v2\/types\/post"}],"author":[{"embeddable":true,"href":"https:\/\/archive.sana.sy\/tr\/index.php?rest_route=\/wp\/v2\/users\/1"}],"replies":[{"embeddable":true,"href":"https:\/\/archive.sana.sy\/tr\/index.php?rest_route=%2Fwp%2Fv2%2Fcomments&post=42012"}],"version-history":[{"count":0,"href":"https:\/\/archive.sana.sy\/tr\/index.php?rest_route=\/wp\/v2\/posts\/42012\/revisions"}],"wp:featuredmedia":[{"embeddable":true,"href":"https:\/\/archive.sana.sy\/tr\/index.php?rest_route=\/wp\/v2\/media\/42013"}],"wp:attachment":[{"href":"https:\/\/archive.sana.sy\/tr\/index.php?rest_route=%2Fwp%2Fv2%2Fmedia&parent=42012"}],"wp:term":[{"taxonomy":"category","embeddable":true,"href":"https:\/\/archive.sana.sy\/tr\/index.php?rest_route=%2Fwp%2Fv2%2Fcategories&post=42012"},{"taxonomy":"post_tag","embeddable":true,"href":"https:\/\/archive.sana.sy\/tr\/index.php?rest_route=%2Fwp%2Fv2%2Ftags&post=42012"}],"curies":[{"name":"wp","href":"https:\/\/api.w.org\/{rel}","templated":true}]}}