{"id":42023,"date":"2015-07-30T18:12:53","date_gmt":"2015-07-30T15:12:53","guid":{"rendered":"http:\/\/sana.sy\/tr\/?p=42023"},"modified":"2015-07-30T19:08:14","modified_gmt":"2015-07-30T16:08:14","slug":"dost-ulkelerle-mevcut-isbirligi-ilac-sanayisinin-kalkindirilmasina-katki-saglayacak","status":"publish","type":"post","link":"https:\/\/archive.sana.sy\/tr\/?p=42023","title":{"rendered":"Dost \u00dclkelerle Mevcut \u0130\u015fbirli\u011fi \u0130la\u00e7 Sanayisinin Kalk\u0131nd\u0131r\u0131lmas\u0131na Katk\u0131 Sa\u011flayacak"},"content":{"rendered":"<p>\u015eAM \u2013 Sa\u011fl\u0131k Bakan\u0131 Nizar Yaz\u0131c\u0131 bug\u00fcn Farmakoloji Bilimsel Meclisi \u00fcyelerinin yan\u0131 s\u0131ra bir dizi ila\u00e7 fabrikas\u0131n\u0131n temsilcileriyle bir araya geldi.<\/p>\n<p>Bulu\u015fmada Bakan Yaz\u0131c\u0131 bir k\u0131s\u0131m nitelikli ve \u00f6nemli ila\u00e7lar\u0131n ithalat\u0131nda y\u00fcksek mebla\u011flar\u0131n harcand\u0131\u011f\u0131na i\u015faret ederken, bunun \u00f6n\u00fcne ge\u00e7mek i\u00e7in ila\u00e7 fabrikalar\u0131n\u0131n bu gibi ila\u00e7lar\u0131 \u00fcretmeleri i\u00e7in gerekli ara\u015ft\u0131rma ve olanaklar\u0131 incelemeleri \u00f6nemine dikkat \u00e7ekti.<\/p>\n<p>Bakan Yaz\u0131c\u0131 yerel piyasan\u0131n t\u00fcm ihtiya\u00e7lar\u0131n\u0131 kar\u015f\u0131lamas\u0131 i\u00e7in bakanl\u0131\u011f\u0131n ila\u00e7 sanayisine b\u00fcy\u00fck bir \u00f6nem verdi\u011fini bir kez daha vurgulad\u0131. Bu ba\u011flamda Rusya, \u0130ran ve K\u00fcba gibi dost devletlerle mevcut i\u015fbirli\u011fine i\u015faret eden Yaz\u0131c\u0131; bu i\u015fbirli\u011finin ila\u00e7 sanayisinin nitelik ve nicelik a\u00e7\u0131s\u0131ndan geli\u015fmesine katk\u0131 olanaklar\u0131na \u0131\u015f\u0131k tuttu.<\/p>\n<p>A.A. &#8211; M.M.<\/p>\n","protected":false},"excerpt":{"rendered":"<p>\u015eAM \u2013 Sa\u011fl\u0131k Bakan\u0131 Nizar Yaz\u0131c\u0131 bug\u00fcn Farmakoloji Bilimsel Meclisi \u00fcyelerinin yan\u0131 s\u0131ra bir dizi ila\u00e7 fabrikas\u0131n\u0131n temsilcileriyle bir araya geldi. Bulu\u015fmada Bakan Yaz\u0131c\u0131 bir k\u0131s\u0131m nitelikli ve \u00f6nemli ila\u00e7lar\u0131n ithalat\u0131nda y\u00fcksek mebla\u011flar\u0131n harcand\u0131\u011f\u0131na i\u015faret ederken, bunun \u00f6n\u00fcne ge\u00e7mek i\u00e7in ila\u00e7 fabrikalar\u0131n\u0131n bu gibi ila\u00e7lar\u0131 \u00fcretmeleri i\u00e7in gerekli ara\u015ft\u0131rma ve olanaklar\u0131 incelemeleri \u00f6nemine dikkat \u00e7ekti. &hellip;<\/p>\n","protected":false},"author":1,"featured_media":42042,"comment_status":"closed","ping_status":"closed","sticky":false,"template":"","format":"standard","meta":{"footnotes":""},"categories":[479,478],"tags":[16051],"class_list":["post-42023","post","type-post","status-publish","format-standard","has-post-thumbnail","","category-haberler-yerel","category-yerel","tag-dost-ulkelerle-mevcut-isbirligi-ilac-sanayisinin-kalkindirilmasina-katki-saglayacak"],"_links":{"self":[{"href":"https:\/\/archive.sana.sy\/tr\/index.php?rest_route=\/wp\/v2\/posts\/42023","targetHints":{"allow":["GET"]}}],"collection":[{"href":"https:\/\/archive.sana.sy\/tr\/index.php?rest_route=\/wp\/v2\/posts"}],"about":[{"href":"https:\/\/archive.sana.sy\/tr\/index.php?rest_route=\/wp\/v2\/types\/post"}],"author":[{"embeddable":true,"href":"https:\/\/archive.sana.sy\/tr\/index.php?rest_route=\/wp\/v2\/users\/1"}],"replies":[{"embeddable":true,"href":"https:\/\/archive.sana.sy\/tr\/index.php?rest_route=%2Fwp%2Fv2%2Fcomments&post=42023"}],"version-history":[{"count":0,"href":"https:\/\/archive.sana.sy\/tr\/index.php?rest_route=\/wp\/v2\/posts\/42023\/revisions"}],"wp:featuredmedia":[{"embeddable":true,"href":"https:\/\/archive.sana.sy\/tr\/index.php?rest_route=\/wp\/v2\/media\/42042"}],"wp:attachment":[{"href":"https:\/\/archive.sana.sy\/tr\/index.php?rest_route=%2Fwp%2Fv2%2Fmedia&parent=42023"}],"wp:term":[{"taxonomy":"category","embeddable":true,"href":"https:\/\/archive.sana.sy\/tr\/index.php?rest_route=%2Fwp%2Fv2%2Fcategories&post=42023"},{"taxonomy":"post_tag","embeddable":true,"href":"https:\/\/archive.sana.sy\/tr\/index.php?rest_route=%2Fwp%2Fv2%2Ftags&post=42023"}],"curies":[{"name":"wp","href":"https:\/\/api.w.org\/{rel}","templated":true}]}}