{"id":42034,"date":"2015-07-30T18:35:16","date_gmt":"2015-07-30T15:35:16","guid":{"rendered":"http:\/\/sana.sy\/tr\/?p=42034"},"modified":"2015-07-30T18:35:16","modified_gmt":"2015-07-30T15:35:16","slug":"turkiyede-rejimin-elebasi-ve-yetkilileri-savas-suclulari-olarak-yargilanabilirler","status":"publish","type":"post","link":"https:\/\/archive.sana.sy\/tr\/?p=42034","title":{"rendered":"T\u00fcrkiye&#8217;de Rejimin Eleba\u015f\u0131 ve Yetkilileri Sava\u015f Su\u00e7lular\u0131 Olarak Yarg\u0131lanabilirler"},"content":{"rendered":"<p>ANKARA \u2013 Lahey\u2019deki Uluslararas\u0131 Cinayet Mahkemesi T\u00fcrkiye&#8217;de rejimin ba\u015f\u0131 Recep Tayyip Erdo\u011fan, Ba\u015fbakan\u0131 Ahmet Davuto\u011flu, Milli \u0130stihbarat Te\u015fkilat\u0131 (M\u0130T) M\u00fcste\u015far\u0131 Hakan Fidan ve eski i\u00e7i\u015fleri bakan\u0131 Efkan Ala\u2019y\u0131 \u2018Suriye&#8217;de sava\u015f su\u00e7lar\u0131 i\u015flemekle\u2019 su\u00e7layan davalar\u0131n dosyalar\u0131n\u0131 incelemeye ba\u015flad\u0131.<\/p>\n<p>T\u00fcrkiye&#8217;de Odatv web sitesinin aktard\u0131\u011f\u0131 haberde s\u00f6z konusu mahkemeye \u015fikayetlerde bulunan T\u00fcrkiye Kurtulu\u015f Halk Partisi oldu\u011funu aktar\u0131rken; Uluslar aras\u0131 Mahkemedeki savc\u0131l\u0131k ofisinin \u015fikayet dilek\u00e7esine g\u00f6nderdi\u011fi cevapta dosyan\u0131n mahkemenin temeli Roma sistemi \u00e7er\u00e7evesinde inceleme ve de\u011ferlendirmeye al\u0131nd\u0131\u011f\u0131n\u0131 ifade etti\u011fini aktard\u0131. Savc\u0131l\u0131k cevab\u0131nda mahkemenin bu inceleme ve de\u011ferlendirmenin \u0131\u015f\u0131\u011f\u0131nda soru\u015fturma yap\u0131l\u0131p yap\u0131lmayaca\u011f\u0131 karar\u0131 alaca\u011f\u0131n\u0131 belirtti.<\/p>\n<p>Odatv haberinde uluslar aras\u0131 mahkemenin soru\u015fturma ba\u015flatma ihtimalinin; Erdo\u011fan rejiminin bu s\u00fcre\u00e7 i\u00e7inde I\u015e\u0130D\u2019e kar\u015f\u0131 sava\u015f ilan etmesine neden oldu\u011funu belirtti.<\/p>\n<p>Avukat Vural Erg\u00fcl ise Erdo\u011fan ve rejimindeki yetkililerin bu s\u00fcre\u00e7 i\u00e7inde yarg\u0131lanmalar\u0131n\u0131n zorlu\u011funa ra\u011fmen yine de muhtemel oldu\u011funu ifade etti. Avukat Erg\u00fcl Suriye&#8217;deki ter\u00f6ristlere silah ve cephane ta\u015f\u0131yan M\u0130T t\u0131rlar\u0131 dosyas\u0131n\u0131n, Erdo\u011fan rejiminin Suriye&#8217;de sava\u015f su\u00e7lar\u0131 i\u015fledi\u011fine dair en b\u00fcy\u00fck kan\u0131t\u0131 te\u015fkil etti\u011fini belirtti.<\/p>\n<p>Bu arada Erdo\u011fan\u2019a y\u00f6netilen su\u00e7lamalar aras\u0131nda Suriye&#8217;deki radikal ter\u00f6r \u00f6rg\u00fctlere silah ve para temin etmekle birlikte Suriye&#8217;de sava\u015f provokasyonunda bulunma, I\u015e\u0130D taraf\u0131ndan \u00e7al\u0131nt\u0131 petrol sat\u0131\u015f\u0131na arac\u0131l\u0131k yapma ve T\u00fcrkiye topraklar\u0131 \u00fczerinden Suriye&#8217;ye ter\u00f6ristlerin girmelerine g\u00f6z yumma su\u00e7lar\u0131 bulunuyor.<\/p>\n<p>A.A. &#8211; M.M.<\/p>\n","protected":false},"excerpt":{"rendered":"<p>ANKARA \u2013 Lahey\u2019deki Uluslararas\u0131 Cinayet Mahkemesi T\u00fcrkiye&#8217;de rejimin ba\u015f\u0131 Recep Tayyip Erdo\u011fan, Ba\u015fbakan\u0131 Ahmet Davuto\u011flu, Milli \u0130stihbarat Te\u015fkilat\u0131 (M\u0130T) M\u00fcste\u015far\u0131 Hakan Fidan ve eski i\u00e7i\u015fleri bakan\u0131 Efkan Ala\u2019y\u0131 \u2018Suriye&#8217;de sava\u015f su\u00e7lar\u0131 i\u015flemekle\u2019 su\u00e7layan davalar\u0131n dosyalar\u0131n\u0131 incelemeye ba\u015flad\u0131. T\u00fcrkiye&#8217;de Odatv web sitesinin aktard\u0131\u011f\u0131 haberde s\u00f6z konusu mahkemeye \u015fikayetlerde bulunan T\u00fcrkiye Kurtulu\u015f Halk Partisi oldu\u011funu aktar\u0131rken; Uluslar &hellip;<\/p>\n","protected":false},"author":1,"featured_media":42035,"comment_status":"closed","ping_status":"closed","sticky":false,"template":"","format":"standard","meta":{"footnotes":""},"categories":[458,459,447,2554,2555],"tags":[16054],"class_list":["post-42034","post","type-post","status-publish","format-standard","has-post-thumbnail","","category-dunya1","category-haberler-arap-uluslararasi-politika","category-politika","category-suriye-ve-dunya","category-suriye-ve-turkiye","tag-turkiyede-rejimin-elebasi-ve-yetkilileri-savas-suclulari-olarak-yargilanabilirler"],"_links":{"self":[{"href":"https:\/\/archive.sana.sy\/tr\/index.php?rest_route=\/wp\/v2\/posts\/42034","targetHints":{"allow":["GET"]}}],"collection":[{"href":"https:\/\/archive.sana.sy\/tr\/index.php?rest_route=\/wp\/v2\/posts"}],"about":[{"href":"https:\/\/archive.sana.sy\/tr\/index.php?rest_route=\/wp\/v2\/types\/post"}],"author":[{"embeddable":true,"href":"https:\/\/archive.sana.sy\/tr\/index.php?rest_route=\/wp\/v2\/users\/1"}],"replies":[{"embeddable":true,"href":"https:\/\/archive.sana.sy\/tr\/index.php?rest_route=%2Fwp%2Fv2%2Fcomments&post=42034"}],"version-history":[{"count":0,"href":"https:\/\/archive.sana.sy\/tr\/index.php?rest_route=\/wp\/v2\/posts\/42034\/revisions"}],"wp:featuredmedia":[{"embeddable":true,"href":"https:\/\/archive.sana.sy\/tr\/index.php?rest_route=\/wp\/v2\/media\/42035"}],"wp:attachment":[{"href":"https:\/\/archive.sana.sy\/tr\/index.php?rest_route=%2Fwp%2Fv2%2Fmedia&parent=42034"}],"wp:term":[{"taxonomy":"category","embeddable":true,"href":"https:\/\/archive.sana.sy\/tr\/index.php?rest_route=%2Fwp%2Fv2%2Fcategories&post=42034"},{"taxonomy":"post_tag","embeddable":true,"href":"https:\/\/archive.sana.sy\/tr\/index.php?rest_route=%2Fwp%2Fv2%2Ftags&post=42034"}],"curies":[{"name":"wp","href":"https:\/\/api.w.org\/{rel}","templated":true}]}}