{"id":42091,"date":"2015-07-31T08:22:12","date_gmt":"2015-07-31T05:22:12","guid":{"rendered":"http:\/\/sana.sy\/tr\/?p=42091"},"modified":"2015-08-01T13:15:35","modified_gmt":"2015-08-01T10:15:35","slug":"sana-ordu-bayraminda-ordu-fotograflari-sergisi-duzenliyor","status":"publish","type":"post","link":"https:\/\/archive.sana.sy\/tr\/?p=42091","title":{"rendered":"SANA Ordu Bayram\u0131nda Ordu Foto\u011fraflar\u0131 Sergisi D\u00fczenliyor"},"content":{"rendered":"<p>\u015eAM \u2013 1 A\u011fustos Ordu G\u00fcn\u00fc m\u00fcnasebetiyle Suriye Arap Haber Ajans\u0131 SANA yar\u0131n Cumartesi g\u00fcn\u00fc \u015eam\u2019daki Ulusal Esad K\u00fct\u00fcphanesinde \u2018Bayramlar\u0131nda Vatan Koruyucular\u0131na Selam Olsun\u2019 slogan\u0131 alt\u0131nda foto\u011fraf sergisi d\u00fczenliyor.<\/p>\n<p>Sergide vatan koruyucular\u0131m\u0131z Suriye ordusunun vatan ve halk\u0131n\u0131 evrensel tekfirci ter\u00f6re kar\u015f\u0131 koruma operasyonlar\u0131 ve fedakarl\u0131klar\u0131na ilaveten halk\u0131n orduyla b\u00fct\u00fcnle\u015fmesine \u0131\u015f\u0131k tutan 100\u2019dan fazla foto\u011fraf yer alacak. Serginin ba\u015f\u0131nda ise ordu birliklerimizin muhtelif cephelerde ter\u00f6ristlere kar\u015f\u0131 kahramanl\u0131klar\u0131na \u0131\u015f\u0131k tutan 15 dakikal\u0131k belgesel bir film sunumu yap\u0131lacak.<\/p>\n<p>Her g\u00fcn saat 11:00\u2019dan saat 16:00\u2019a kadar ziyaret\u00e7ilere a\u00e7\u0131k olacak sergi 6 A\u011fustos tarihine dek s\u00fcrecek.<\/p>\n<p>A.A. &#8211; M.M.<\/p>\n","protected":false},"excerpt":{"rendered":"<p>\u015eAM \u2013 1 A\u011fustos Ordu G\u00fcn\u00fc m\u00fcnasebetiyle Suriye Arap Haber Ajans\u0131 SANA yar\u0131n Cumartesi g\u00fcn\u00fc \u015eam\u2019daki Ulusal Esad K\u00fct\u00fcphanesinde \u2018Bayramlar\u0131nda Vatan Koruyucular\u0131na Selam Olsun\u2019 slogan\u0131 alt\u0131nda foto\u011fraf sergisi d\u00fczenliyor. Sergide vatan koruyucular\u0131m\u0131z Suriye ordusunun vatan ve halk\u0131n\u0131 evrensel tekfirci ter\u00f6re kar\u015f\u0131 koruma operasyonlar\u0131 ve fedakarl\u0131klar\u0131na ilaveten halk\u0131n orduyla b\u00fct\u00fcnle\u015fmesine \u0131\u015f\u0131k tutan 100\u2019dan fazla foto\u011fraf yer &hellip;<\/p>\n","protected":false},"author":1,"featured_media":42092,"comment_status":"closed","ping_status":"closed","sticky":false,"template":"","format":"standard","meta":{"footnotes":""},"categories":[479,478],"tags":[16063],"class_list":["post-42091","post","type-post","status-publish","format-standard","has-post-thumbnail","","category-haberler-yerel","category-yerel","tag-sana-ordu-bayraminda-ordu-fotograflari-sergisi-duzenliyor"],"_links":{"self":[{"href":"https:\/\/archive.sana.sy\/tr\/index.php?rest_route=\/wp\/v2\/posts\/42091","targetHints":{"allow":["GET"]}}],"collection":[{"href":"https:\/\/archive.sana.sy\/tr\/index.php?rest_route=\/wp\/v2\/posts"}],"about":[{"href":"https:\/\/archive.sana.sy\/tr\/index.php?rest_route=\/wp\/v2\/types\/post"}],"author":[{"embeddable":true,"href":"https:\/\/archive.sana.sy\/tr\/index.php?rest_route=\/wp\/v2\/users\/1"}],"replies":[{"embeddable":true,"href":"https:\/\/archive.sana.sy\/tr\/index.php?rest_route=%2Fwp%2Fv2%2Fcomments&post=42091"}],"version-history":[{"count":0,"href":"https:\/\/archive.sana.sy\/tr\/index.php?rest_route=\/wp\/v2\/posts\/42091\/revisions"}],"wp:featuredmedia":[{"embeddable":true,"href":"https:\/\/archive.sana.sy\/tr\/index.php?rest_route=\/wp\/v2\/media\/42092"}],"wp:attachment":[{"href":"https:\/\/archive.sana.sy\/tr\/index.php?rest_route=%2Fwp%2Fv2%2Fmedia&parent=42091"}],"wp:term":[{"taxonomy":"category","embeddable":true,"href":"https:\/\/archive.sana.sy\/tr\/index.php?rest_route=%2Fwp%2Fv2%2Fcategories&post=42091"},{"taxonomy":"post_tag","embeddable":true,"href":"https:\/\/archive.sana.sy\/tr\/index.php?rest_route=%2Fwp%2Fv2%2Ftags&post=42091"}],"curies":[{"name":"wp","href":"https:\/\/api.w.org\/{rel}","templated":true}]}}