{"id":42100,"date":"2015-07-31T19:55:32","date_gmt":"2015-07-31T16:55:32","guid":{"rendered":"http:\/\/sana.sy\/tr\/?p=42100"},"modified":"2015-08-01T16:02:27","modified_gmt":"2015-08-01T13:02:27","slug":"kahramanlarimiz-tekfirci-terore-hezimet-ustune-hezimet-yasatiyor","status":"publish","type":"post","link":"https:\/\/archive.sana.sy\/tr\/?p=42100","title":{"rendered":"Kahramanlar\u0131m\u0131z Tekfirci Ter\u00f6re Hezimet \u00dcst\u00fcne Hezimet Ya\u015fat\u0131yor"},"content":{"rendered":"<p>\u0130LLER \u2013 \u00dclkeyi kara bir bulut gibi kaplamaya \u00e7al\u0131\u015fan silahl\u0131 ter\u00f6r gruplar\u0131na kar\u015f\u0131 muazzam ba\u015far\u0131lar sa\u011flayan kahraman birliklerimiz, vatan topraklar\u0131n\u0131 bir g\u00fcne\u015f gibi ayd\u0131nlatarak ter\u00f6ristler ve destek\u00e7ilerine hezimet \u00fcst\u00fcne hezimet ya\u015fat\u0131yorlar.<\/p>\n<p><span style=\"color: #0000ff\">DERA :<\/span><\/p>\n<p>Askeri kaynak SANA\u2019ya a\u00e7\u0131klamas\u0131nda ordu birliklerimizin Dera Beled\u2019in muhtelif b\u00f6lgelerinde ter\u00f6ristlerin yuvalar\u0131 ve ara\u00e7lar\u0131n\u0131 imha etmeleri sonucunda \u00e7ok say\u0131da ter\u00f6risti \u00f6l\u00fc ve yaral\u0131 d\u00fc\u015f\u00fcrd\u00fcklerini ifade etti. Kaynak operasyonlarda \u00dcrd\u00fcn ve \u0130srail destekli tekfircilerden y\u00fcksek say\u0131da ter\u00f6ristin \u00f6ld\u00fcr\u00fcld\u00fc\u011f\u00fcn\u00fc belirtirken, aralar\u0131nda yabanc\u0131 ve saha komutanlar\u0131n\u0131n bulundu\u011funa i\u015faret etti.<\/p>\n<p>Ordu birliklerimizin Dera k\u0131rsal\u0131n\u0131n kuzeydo\u011fusu Bat\u0131 Mleyha Beldesinin g\u00fcneydo\u011fu kenarlar\u0131nda Nusra Cephesi ve \u2018Musanna \u0130slami Hareketi\u2019 \u00e7etelerinin siper ve mevkilerini hedef ald\u0131klar\u0131n\u0131 s\u00f6yleyen kaynak; burada da \u00e7ok say\u0131da ter\u00f6risti \u00f6l\u00fc ve yaral\u0131 d\u00fc\u015f\u00fcr\u00fcp havzalar\u0131ndaki silah ve m\u00fchimmat\u0131 imha ettiklerini belirti.<\/p>\n<p>Kaynak; Dera Kentinin 20 km kuzeybat\u0131s\u0131na d\u00fc\u015fen \u015eeyh H\u00fcseyin Tepesine ilaveten Zemrin K\u00f6y\u00fc \u00e7evresinde de ordu birliklerimizin onlarca ter\u00f6risti \u00f6l\u00fc ve yaral\u0131 d\u00fc\u015f\u00fcr\u00fcrlerken, ara\u00e7lar\u0131 ve silahlar\u0131n\u0131 imha ettiklerini aktard\u0131.<\/p>\n<p>Kaynak; Dera Beled, Bat\u0131 Mleyha ve Dera Kentinin do\u011fu kenarlar\u0131nda da ordu birliklerimizin ter\u00f6ristlerin siper ve karargahlar\u0131na y\u00f6nelik operasyonlar\u0131n\u0131 s\u00fcrd\u00fcr\u00fcrlerken, 100\u2019den fazla ter\u00f6risti \u00f6ld\u00fcrd\u00fcklerini aktard\u0131.<\/p>\n<p><span style=\"color: #0000ff\">S\u00dcVEYDA :<\/span><\/p>\n<p>Di\u011fer yandan askeri kaynak; ordu birliklerimizin S\u00fcveyda Kentinin 15 km bat\u0131s\u0131na d\u00fc\u015fen Sale Havaliman\u0131 civar\u0131na s\u0131zan ter\u00f6ristlerle \u015fiddetli \u00e7at\u0131\u015fmalara girdiklerini s\u00f6yledi. Kaynak; \u00e7at\u0131\u015fmalarda sald\u0131rganlar\u0131n t\u00fcm\u00fcn\u00fcn \u00f6l\u00fc ve yaral\u0131 d\u00fc\u015f\u00fcr\u00fcl\u00fcp ara\u00e7, silah ve m\u00fchimmatlar\u0131n\u0131n imha edildi\u011fine dikkat \u00e7ekti.<\/p>\n<p>Ordu birliklerimizin S\u00fcveyda Kentinin 35 km kuzeydo\u011fusuna d\u00fc\u015fen Tel Suad K\u00f6y\u00fcnden Tel B\u00fcseyna K\u00f6y\u00fcne bir ter\u00f6r grubunun s\u0131zma giri\u015fimlerini \u00e7\u00f6kerttiklerini aktaran kaynak; t\u00fcm \u00fcyelerini \u00f6l\u00fc ve yaral\u0131 d\u00fc\u015f\u00fcr\u00fcp silah ve m\u00fchimmatlar\u0131n\u0131 da imha ettiklerine s\u00f6zlerine ekledi.<\/p>\n<p><span style=\"color: #0000ff\">HOMS :<\/span><\/p>\n<p>Ordu birliklerimiz Homs k\u0131rsal\u0131 Unk el Hava, Rhum, Kuzey \u015eendahiye ve Resten b\u00f6lgelerinde y\u00fcksek say\u0131da ter\u00f6risti \u00f6l\u00fc ve yaral\u0131 d\u00fc\u015f\u00fcrd\u00fc.<\/p>\n<p><span style=\"color: #0000ff\">LAZK\u0130YE :<\/span><\/p>\n<p><span style=\"line-height: 1.5\">Di\u011fer yandan askeri kaynak; ordu birliklerimizin Lazkiye k\u0131rsal\u0131n\u0131n kuzeyi el Hulva ve D\u00fcrra k\u00f6ylerinde Erdo\u011fan rejimine tabi ter\u00f6r \u00e7etelere ait toplanma yerleri ve mevkilerini hedef almalar\u0131yla \u00e7ok say\u0131da ter\u00f6risti su\u00e7 edatlar\u0131yla birlikte imha ettiklerini s\u00f6yledi.<\/span><\/p>\n<p><span style=\"line-height: 1.5\">Kaynak; Lazkiye k\u0131rsal\u0131n\u0131n kuzeyi el Kabir K\u00f6y\u00fcnde ter\u00f6ristlerin bir havan rampas\u0131n\u0131 imha eden ordu birliklerimizin rampadaki ter\u00f6ristleri \u00f6l\u00fc d\u00fc\u015f\u00fcrd\u00fcklerini s\u00f6yledi.<\/span><\/p>\n<p><span style=\"color: #0000ff\">HAMA:<\/span><\/p>\n<p>Hama k\u0131rsal\u0131nda ise ordu birliklerimiz tekfirci ve vatan haini ter\u00f6ristleri say\u0131 ve te\u00e7hizatlar\u0131yla olduk\u00e7a b\u00fcy\u00fck kay\u0131plara u\u011fratmalar\u0131 ard\u0131ndan Ziyyadiye ve Zeyzun beldelerini kontrollerine alarak ahalilerinin can ve mal g\u00fcvenli\u011fini sa\u011flad\u0131.<\/p>\n<p><span style=\"line-height: 1.5\">M.M. &#8211; A.A.<\/span><\/p>\n","protected":false},"excerpt":{"rendered":"<p>\u0130LLER \u2013 \u00dclkeyi kara bir bulut gibi kaplamaya \u00e7al\u0131\u015fan silahl\u0131 ter\u00f6r gruplar\u0131na kar\u015f\u0131 muazzam ba\u015far\u0131lar sa\u011flayan kahraman birliklerimiz, vatan topraklar\u0131n\u0131 bir g\u00fcne\u015f gibi ayd\u0131nlatarak ter\u00f6ristler ve destek\u00e7ilerine hezimet \u00fcst\u00fcne hezimet ya\u015fat\u0131yorlar. DERA : Askeri kaynak SANA\u2019ya a\u00e7\u0131klamas\u0131nda ordu birliklerimizin Dera Beled\u2019in muhtelif b\u00f6lgelerinde ter\u00f6ristlerin yuvalar\u0131 ve ara\u00e7lar\u0131n\u0131 imha etmeleri sonucunda \u00e7ok say\u0131da ter\u00f6risti \u00f6l\u00fc ve &hellip;<\/p>\n","protected":false},"author":1,"featured_media":42101,"comment_status":"closed","ping_status":"closed","sticky":false,"template":"","format":"standard","meta":{"footnotes":""},"categories":[575],"tags":[16067],"class_list":["post-42100","post","type-post","status-publish","format-standard","has-post-thumbnail","","category-olaylar-ve-gercekler","tag-kahramanlarimiz-tekfirci-terore-hezimet-ustune-hezimet-yasatiyor"],"_links":{"self":[{"href":"https:\/\/archive.sana.sy\/tr\/index.php?rest_route=\/wp\/v2\/posts\/42100","targetHints":{"allow":["GET"]}}],"collection":[{"href":"https:\/\/archive.sana.sy\/tr\/index.php?rest_route=\/wp\/v2\/posts"}],"about":[{"href":"https:\/\/archive.sana.sy\/tr\/index.php?rest_route=\/wp\/v2\/types\/post"}],"author":[{"embeddable":true,"href":"https:\/\/archive.sana.sy\/tr\/index.php?rest_route=\/wp\/v2\/users\/1"}],"replies":[{"embeddable":true,"href":"https:\/\/archive.sana.sy\/tr\/index.php?rest_route=%2Fwp%2Fv2%2Fcomments&post=42100"}],"version-history":[{"count":0,"href":"https:\/\/archive.sana.sy\/tr\/index.php?rest_route=\/wp\/v2\/posts\/42100\/revisions"}],"wp:featuredmedia":[{"embeddable":true,"href":"https:\/\/archive.sana.sy\/tr\/index.php?rest_route=\/wp\/v2\/media\/42101"}],"wp:attachment":[{"href":"https:\/\/archive.sana.sy\/tr\/index.php?rest_route=%2Fwp%2Fv2%2Fmedia&parent=42100"}],"wp:term":[{"taxonomy":"category","embeddable":true,"href":"https:\/\/archive.sana.sy\/tr\/index.php?rest_route=%2Fwp%2Fv2%2Fcategories&post=42100"},{"taxonomy":"post_tag","embeddable":true,"href":"https:\/\/archive.sana.sy\/tr\/index.php?rest_route=%2Fwp%2Fv2%2Ftags&post=42100"}],"curies":[{"name":"wp","href":"https:\/\/api.w.org\/{rel}","templated":true}]}}