{"id":42109,"date":"2015-07-31T19:32:35","date_gmt":"2015-07-31T16:32:35","guid":{"rendered":"http:\/\/sana.sy\/tr\/?p=42109"},"modified":"2015-08-01T20:59:59","modified_gmt":"2015-08-01T17:59:59","slug":"tarihi-boyunca-sanli-destanlar-yazdi-ve-yazmaya-devam-ediyor","status":"publish","type":"post","link":"https:\/\/archive.sana.sy\/tr\/?p=42109","title":{"rendered":"Tarihi Boyunca \u015eanl\u0131 Destanlar Yazd\u0131 ve Yazmaya Devam Ediyor"},"content":{"rendered":"<p>\u015eAM \u2013 Suriye Arap Ordusunun 70. Kurulu\u015f Y\u0131ld\u00f6n\u00fcm\u00fc m\u00fcnasebetiyle Ordu ve Silahl\u0131 Kuvvetler Genel Komutan\u0131 Orgeneral Be\u015f\u015far el Esad bug\u00fcn Halk Ordusu Dergisi arac\u0131l\u0131\u011f\u0131 ile kahraman silahl\u0131 kuvvetlerimize seslendi.<\/p>\n<p>El Esad ulusal egemenli\u011fi ve halk\u0131n g\u00fcvenli\u011fini kahramanca savunan vatan koruyucular\u0131m\u0131z\u0131n asker ve subaylar\u0131n\u0131n yan\u0131 s\u0131ra sivil personellerini onur ve takdirle selamlad\u0131. Ordu birliklerimizin kurulu\u015funun ilk an\u0131ndan beri Suriye&#8217;nin \u015fanl\u0131 tarihinde ger\u00e7ekle\u015ftirdi\u011fi ba\u015far\u0131lara i\u015faret eden el Esad; askerlerimizin tarihleri boyunca al\u0131n terleri ve kanlar\u0131yla \u015fanl\u0131 destanlar yazd\u0131klar\u0131n\u0131 ifade etti.<\/p>\n<p>El Esad vatan koruyucular\u0131m\u0131z\u0131n atalar\u0131m\u0131z\u0131n miras\u0131n\u0131 ve ba\u015far\u0131lar\u0131n\u0131 korumada \u00fcst\u00fcn bir \u00f6zveriyle b\u00fcy\u00fck zaferler kazand\u0131klar\u0131n\u0131, ulusal ideoloji ve sorumlukta da model te\u015fkil ettiklerini vurgulad\u0131.<\/p>\n<p>S\u00f6zlerine devam eden el Esad; \u201cEy vatan koruyucular\u0131! D\u00f6rt y\u0131la a\u015fk\u0131n bir s\u00fcre \u00f6nce ba\u015flatt\u0131\u011f\u0131n\u0131z fedakarl\u0131k ve kahramanl\u0131klar\u0131n\u0131z s\u00fcrd\u00fcrmenizle t\u00fcm d\u00fcnyaya vatan onuru ve egemenli\u011fini korumada g\u00fc\u00e7l\u00fc bir kale oldu\u011funuzu g\u00f6stermektesiniz..\u201d ifadesini kulland\u0131.<\/p>\n<p>D\u00fc\u015fmanlar\u0131n ve ter\u00f6r \u00f6rg\u00fctlerin dayatt\u0131klar\u0131 zorluklar\u0131n b\u00fcy\u00fckl\u00fc\u011f\u00fcne i\u015faret eden el Esad; fakat ordu birliklerimizin t\u00fcm bu zorluklar\u0131n \u00fcstesinden gelmeyi ba\u015fard\u0131\u011f\u0131n\u0131 belirtti. El Esad ordu birliklerimizin d\u00fc\u015fmanla her \u00e7at\u0131\u015fmada g\u00fcc\u00fcn\u00fc ve ulusal duyarl\u0131l\u0131\u011f\u0131n\u0131 kan\u0131tlad\u0131\u011f\u0131n\u0131 s\u00f6yledi. Ordu birliklerimizin yi\u011fitlik, fedakarl\u0131k ve zafer kazanmada d\u00fcnyaya model te\u015fkil etti\u011fini ifade ederken, vatana sevgi ve vefada ders \u00fcst\u00fcne ders verdiklerini belirtti.<\/p>\n<p>Her \u00e7at\u0131\u015fma ve mevkide ordumuzun muazzam direni\u015fi, g\u00fc\u00e7l\u00fc iradesi ve onurlu m\u00fccadelenin canl\u0131 \u00f6rne\u011fi bulundu\u011funa dikkat \u00e7eken el Esad; d\u00fc\u015fmanlara kar\u015f\u0131 sava\u015f iradesi ve ulusalc\u0131 kararl\u0131l\u0131\u011f\u0131n zorluklar kar\u015f\u0131s\u0131nda zay\u0131flamas\u0131 yerine g\u00fc\u00e7 ve metanet kazand\u0131\u011f\u0131n\u0131n alt\u0131n\u0131 \u00e7izdi.<\/p>\n<p>El Esad ordu birliklerimizin \u00f6l\u00fcm ve y\u0131k\u0131m aleti ter\u00f6ristlerin yan\u0131 s\u0131ra destek\u00e7ilerinin planlar\u0131n\u0131 \u00e7\u00f6kertmede her daim etkin ve g\u00fc\u00e7l\u00fc varl\u0131klar\u0131n\u0131 g\u00f6sterdiklerini ifade etti.<\/p>\n<p>Ordu birliklerimizin cesaret, fedakarl\u0131k, ulusal duyarl\u0131l\u0131k ve vatani ideolojide model te\u015fkil etmeleri nedeniyle halk\u0131m\u0131z\u0131n ordu etraf\u0131nda kenetlenip onu destekledi\u011fine dikkat \u00e7eken el Esad; Suriye ordusunun bu \u00f6zellikleriyle d\u00fcnya ve h\u00fcr halklar\u0131n\u0131n da be\u011feni ve takdirini kazand\u0131\u011f\u0131n\u0131 belirtti. El Esad ordu birliklerimizin d\u00fc\u015fmanlara ve ter\u00f6re kar\u015f\u0131 koymadaki m\u00fccadelesi nedeniyle Suriye halk\u0131n\u0131n askerlerimizle gurur duydu\u011funu ifade etti.<\/p>\n<p>El Esad ordu ve silahl\u0131 kuvvetlerimizin ba\u015far\u0131 ve zaferleri g\u00f6lgesinde Suriye halk\u0131n\u0131n kendi gelece\u011fini kendi elleriyle belirleme ve vatan\u0131n\u0131n egemenli\u011fini savunmada me\u015fru haklar\u0131na tutunup bu haklar\u0131n\u0131 t\u00fcm olanaklar\u0131yla savundu\u011funu belirtti. Suriye halk\u0131n\u0131n d\u0131\u015f provokasyon, fitne ve ger\u00e7ekleri \u00e7arp\u0131tma hamlelerine kulak asmadan azim ve kararl\u0131l\u0131kla m\u00fccadelesini s\u00fcrd\u00fcrd\u00fc\u011f\u00fcn\u00fc belirten el Esad; ulusal bilinciyle d\u00fc\u015fman planlar\u0131n\u0131 \u00e7\u00f6kertti\u011fini s\u00f6yledi.<\/p>\n<p>Suriye ordusunun g\u00fcn\u00fcm\u00fczde ter\u00f6r ve destek\u00e7ilerine kar\u015f\u0131 ba\u015far\u0131lar\u0131n\u0131n bu ordunun tarih boyunca \u015fanl\u0131 zaferlerini halk\u0131n haf\u0131zas\u0131nda tazelediklerini ifade eden el Esad; vatan\u0131 ve halk\u0131 savunmada g\u00fcven ve g\u00fcc\u00fcn ehli oldu\u011funu kan\u0131tlad\u0131\u011f\u0131n\u0131 ifade etti. El Esad Suriye ordusunun tarih boyunca ulusal sorumluluk ve duyarl\u0131l\u0131k sergilemede model olmaya devam etti\u011fini belirtirken; tan\u0131k oldu\u011fumuz bu sava\u015fta zaferin bu ordunun sanca\u011f\u0131na tutturulmu\u015f oldu\u011funu vurgulad\u0131. Zaferin er yada ge\u00e7 kahramanl\u0131k ve vatana ba\u011fl\u0131l\u0131kta model te\u015fkil eden ordunun zaferi olaca\u011f\u0131n\u0131n mutlak bir ger\u00e7ek oldu\u011funu ifade eden el Esad; Suriye ordusunun sahip oldu\u011fu ulusal ideoloji ekoluna tabi askerleri ordu bayram\u0131nda bir kez daha selamlad\u0131.<\/p>\n<p>S\u00f6zlerinin sonunda el Esad vatan u\u011fruna e\u015fsiz fedakarl\u0131klarda bulunan ve \u00fcst\u00fcn bir cesaret sergileyen askerlerimizin d\u00f6kt\u00fckleri her damla kan\u0131n kutsall\u0131\u011f\u0131na dikkat \u00e7ekti. Ordu ve silahl\u0131 kuvvetlerimizin vatan\u0131n her kar\u0131\u015f topra\u011f\u0131n\u0131 ter\u00f6r ve kirinden temizleme azim ve kararl\u0131l\u0131\u011f\u0131n\u0131 bir kez daha ifade eden el Esad; vatan\u0131n her b\u00f6lgesi ve her kar\u0131\u015f\u0131n\u0131n ayn\u0131 \u00f6nem ve de\u011fere sahip oldu\u011funun alt\u0131n\u0131 bir kez daha \u00e7izdi.<br \/>\nA.A. &#8211; M.M.<\/p>\n","protected":false},"excerpt":{"rendered":"<p>\u015eAM \u2013 Suriye Arap Ordusunun 70. Kurulu\u015f Y\u0131ld\u00f6n\u00fcm\u00fc m\u00fcnasebetiyle Ordu ve Silahl\u0131 Kuvvetler Genel Komutan\u0131 Orgeneral Be\u015f\u015far el Esad bug\u00fcn Halk Ordusu Dergisi arac\u0131l\u0131\u011f\u0131 ile kahraman silahl\u0131 kuvvetlerimize seslendi. El Esad ulusal egemenli\u011fi ve halk\u0131n g\u00fcvenli\u011fini kahramanca savunan vatan koruyucular\u0131m\u0131z\u0131n asker ve subaylar\u0131n\u0131n yan\u0131 s\u0131ra sivil personellerini onur ve takdirle selamlad\u0131. Ordu birliklerimizin kurulu\u015funun ilk &hellip;<\/p>\n","protected":false},"author":1,"featured_media":42110,"comment_status":"closed","ping_status":"closed","sticky":false,"template":"","format":"standard","meta":{"footnotes":""},"categories":[479,609,605,478],"tags":[16069],"class_list":["post-42109","post","type-post","status-publish","format-standard","has-post-thumbnail","","category-haberler-yerel","category-konusmalar","category-sayin-cumhurbaskani","category-yerel","tag-tarihi-boyunca-sanli-destanlar-yazdi-ve-yazmaya-devam-ediyor"],"_links":{"self":[{"href":"https:\/\/archive.sana.sy\/tr\/index.php?rest_route=\/wp\/v2\/posts\/42109","targetHints":{"allow":["GET"]}}],"collection":[{"href":"https:\/\/archive.sana.sy\/tr\/index.php?rest_route=\/wp\/v2\/posts"}],"about":[{"href":"https:\/\/archive.sana.sy\/tr\/index.php?rest_route=\/wp\/v2\/types\/post"}],"author":[{"embeddable":true,"href":"https:\/\/archive.sana.sy\/tr\/index.php?rest_route=\/wp\/v2\/users\/1"}],"replies":[{"embeddable":true,"href":"https:\/\/archive.sana.sy\/tr\/index.php?rest_route=%2Fwp%2Fv2%2Fcomments&post=42109"}],"version-history":[{"count":0,"href":"https:\/\/archive.sana.sy\/tr\/index.php?rest_route=\/wp\/v2\/posts\/42109\/revisions"}],"wp:featuredmedia":[{"embeddable":true,"href":"https:\/\/archive.sana.sy\/tr\/index.php?rest_route=\/wp\/v2\/media\/42110"}],"wp:attachment":[{"href":"https:\/\/archive.sana.sy\/tr\/index.php?rest_route=%2Fwp%2Fv2%2Fmedia&parent=42109"}],"wp:term":[{"taxonomy":"category","embeddable":true,"href":"https:\/\/archive.sana.sy\/tr\/index.php?rest_route=%2Fwp%2Fv2%2Fcategories&post=42109"},{"taxonomy":"post_tag","embeddable":true,"href":"https:\/\/archive.sana.sy\/tr\/index.php?rest_route=%2Fwp%2Fv2%2Ftags&post=42109"}],"curies":[{"name":"wp","href":"https:\/\/api.w.org\/{rel}","templated":true}]}}