{"id":42112,"date":"2015-07-31T19:58:27","date_gmt":"2015-07-31T16:58:27","guid":{"rendered":"http:\/\/sana.sy\/tr\/?p=42112"},"modified":"2015-07-31T19:58:27","modified_gmt":"2015-07-31T16:58:27","slug":"sam-ve-halepte-yeni-saldirilar-1-sehit-ve-bircok-yarali","status":"publish","type":"post","link":"https:\/\/archive.sana.sy\/tr\/?p=42112","title":{"rendered":"\u015eam ve Halep\u2019te Yeni Sald\u0131r\u0131lar&#8230; 1 \u015eehit ve Bir\u00e7ok Yaral\u0131"},"content":{"rendered":"<p>\u0130LLER \u2013 Katil Erdo\u011fan rejimi ve \u0130srail\u2019den destek alan ter\u00f6r \u00f6rg\u00fctleri yeniden \u015eam ve Halep kentlerinin muhtelif b\u00f6lgelerini f\u00fcze ve havan roketleriyle hedef ald\u0131.<\/p>\n<p>\u015eam Emniyet M\u00fcd\u00fcrl\u00fc\u011f\u00fcnde bir kaynak SANA\u2019ya a\u00e7\u0131klamas\u0131nda ter\u00f6ristlerin f\u0131rlatt\u0131\u011f\u0131 bir havan mermisinin \u015eam\u2019\u0131n Bin Asakir B\u00f6lgesinin Seyyide Zeynep minib\u00fcs garaj\u0131na d\u00fc\u015fmesi sonucunda bir vatanda\u015f\u0131n \u015fehit d\u00fc\u015ft\u00fc\u011f\u00fcn\u00fc ifade etti.<\/p>\n<p>Kaynak; ter\u00f6ristlerin ba\u015fkent \u015eam\u2019\u0131n Kazzaz Semtinde de Ebu el \u00c2s Mahallesini bir havan roketi ile hedef almalar\u0131 sonucunda 4 vatanda\u015f\u0131n yaraland\u0131\u011f\u0131n\u0131; sivillere ait 4 arac\u0131nda b\u00fcy\u00fck maddi hasara u\u011frad\u0131klar\u0131n\u0131 belirti.<\/p>\n<p>Bu arada kaynak; \u015eam k\u0131rsal\u0131 Ceramana Kasabas\u0131ndaki Kurayyat Semtine 3 havan roketinin d\u00fc\u015fmesi sonucunda bir vatanda\u015f\u0131n yaraland\u0131\u011f\u0131n\u0131 aktard\u0131.<\/p>\n<p><span style=\"color: #0000ff\">HALEP :<\/span><\/p>\n<p>\u00d6te yandan Halep Emniyet M\u00fcd\u00fcrl\u00fc\u011f\u00fcnde bir kaynak; Erdo\u011fan rejiminin destekleyip y\u00f6nlendirdi\u011fi Nusra Cephesi ve di\u011fer ter\u00f6r \u00f6rg\u00fctlerin f\u0131rlatt\u0131\u011f\u0131 bir\u00e7ok f\u00fczenin Halep Kentinin Genel Park\u0131na d\u00fc\u015fmesi sonucunda 8 vatanda\u015f\u0131n yaraland\u0131\u011f\u0131n\u0131; kamu m\u00fclklerinde de a\u011f\u0131r kay\u0131plara yol a\u00e7t\u0131\u011f\u0131n\u0131 s\u00f6yledi.<\/p>\n<p>M.M. &#8211; A.A.<\/p>\n","protected":false},"excerpt":{"rendered":"<p>\u0130LLER \u2013 Katil Erdo\u011fan rejimi ve \u0130srail\u2019den destek alan ter\u00f6r \u00f6rg\u00fctleri yeniden \u015eam ve Halep kentlerinin muhtelif b\u00f6lgelerini f\u00fcze ve havan roketleriyle hedef ald\u0131. \u015eam Emniyet M\u00fcd\u00fcrl\u00fc\u011f\u00fcnde bir kaynak SANA\u2019ya a\u00e7\u0131klamas\u0131nda ter\u00f6ristlerin f\u0131rlatt\u0131\u011f\u0131 bir havan mermisinin \u015eam\u2019\u0131n Bin Asakir B\u00f6lgesinin Seyyide Zeynep minib\u00fcs garaj\u0131na d\u00fc\u015fmesi sonucunda bir vatanda\u015f\u0131n \u015fehit d\u00fc\u015ft\u00fc\u011f\u00fcn\u00fc ifade etti. Kaynak; ter\u00f6ristlerin ba\u015fkent &hellip;<\/p>\n","protected":false},"author":1,"featured_media":38328,"comment_status":"closed","ping_status":"closed","sticky":false,"template":"","format":"standard","meta":{"footnotes":""},"categories":[479,575,478],"tags":[16070],"class_list":["post-42112","post","type-post","status-publish","format-standard","has-post-thumbnail","","category-haberler-yerel","category-olaylar-ve-gercekler","category-yerel","tag-sam-ve-halepte-yeni-saldirilar-1-sehit-ve-bircok-yarali"],"_links":{"self":[{"href":"https:\/\/archive.sana.sy\/tr\/index.php?rest_route=\/wp\/v2\/posts\/42112","targetHints":{"allow":["GET"]}}],"collection":[{"href":"https:\/\/archive.sana.sy\/tr\/index.php?rest_route=\/wp\/v2\/posts"}],"about":[{"href":"https:\/\/archive.sana.sy\/tr\/index.php?rest_route=\/wp\/v2\/types\/post"}],"author":[{"embeddable":true,"href":"https:\/\/archive.sana.sy\/tr\/index.php?rest_route=\/wp\/v2\/users\/1"}],"replies":[{"embeddable":true,"href":"https:\/\/archive.sana.sy\/tr\/index.php?rest_route=%2Fwp%2Fv2%2Fcomments&post=42112"}],"version-history":[{"count":0,"href":"https:\/\/archive.sana.sy\/tr\/index.php?rest_route=\/wp\/v2\/posts\/42112\/revisions"}],"wp:featuredmedia":[{"embeddable":true,"href":"https:\/\/archive.sana.sy\/tr\/index.php?rest_route=\/wp\/v2\/media\/38328"}],"wp:attachment":[{"href":"https:\/\/archive.sana.sy\/tr\/index.php?rest_route=%2Fwp%2Fv2%2Fmedia&parent=42112"}],"wp:term":[{"taxonomy":"category","embeddable":true,"href":"https:\/\/archive.sana.sy\/tr\/index.php?rest_route=%2Fwp%2Fv2%2Fcategories&post=42112"},{"taxonomy":"post_tag","embeddable":true,"href":"https:\/\/archive.sana.sy\/tr\/index.php?rest_route=%2Fwp%2Fv2%2Ftags&post=42112"}],"curies":[{"name":"wp","href":"https:\/\/api.w.org\/{rel}","templated":true}]}}