{"id":42163,"date":"2015-08-01T14:50:50","date_gmt":"2015-08-01T11:50:50","guid":{"rendered":"http:\/\/www.sana.sy\/tr\/?p=42163"},"modified":"2015-08-01T16:00:30","modified_gmt":"2015-08-01T13:00:30","slug":"ordu-ve-silahli-kuvvetler-genel-komutan-yardimcisi-ve-savunma-bakani-korgeneral-fahd-casim-el-freyc-suriye-arap-ordusunun-somurucu-ve-hegemonyacilarin-tum-planlarini-cokertmeyi-ve-onlara-karsi-kararli","status":"publish","type":"post","link":"https:\/\/archive.sana.sy\/tr\/?p=42163","title":{"rendered":"Ordu ve Silahl\u0131 Kuvvetler Genel Komutan Yard\u0131mc\u0131s\u0131 ve Savunma Bakan\u0131 Korgeneral Fahd Casim el Freyc Suriye Arap ordusunun s\u00f6m\u00fcr\u00fcc\u00fc ve hegemonyac\u0131lar\u0131n t\u00fcm planlar\u0131n\u0131 \u00e7\u00f6kertmeyi ve onlara kar\u015f\u0131 kararl\u0131l\u0131kla m\u00fccadele etmeyi ba\u015fard\u0131\u011f\u0131n\u0131 belirtti"},"content":{"rendered":"<p>Ordu ve Silahl\u0131 Kuvvetler Genel Komutan Yard\u0131mc\u0131s\u0131 ve Savunma Bakan\u0131 Korgeneral Fahd Casim el Freyc Suriye Arap ordusunun s\u00f6m\u00fcr\u00fcc\u00fc ve hegemonyac\u0131lar\u0131n t\u00fcm planlar\u0131n\u0131 \u00e7\u00f6kertmeyi ve onlara kar\u015f\u0131 kararl\u0131l\u0131kla m\u00fccadele etmeyi ba\u015fard\u0131\u011f\u0131n\u0131 belirtti<\/p>\n","protected":false},"excerpt":{"rendered":"<p>Ordu ve Silahl\u0131 Kuvvetler Genel Komutan Yard\u0131mc\u0131s\u0131 ve Savunma Bakan\u0131 Korgeneral Fahd Casim el Freyc Suriye Arap ordusunun s\u00f6m\u00fcr\u00fcc\u00fc ve hegemonyac\u0131lar\u0131n t\u00fcm planlar\u0131n\u0131 \u00e7\u00f6kertmeyi ve onlara kar\u015f\u0131 kararl\u0131l\u0131kla m\u00fccadele etmeyi ba\u015fard\u0131\u011f\u0131n\u0131 belirtti<\/p>\n","protected":false},"author":1,"featured_media":0,"comment_status":"closed","ping_status":"closed","sticky":false,"template":"","format":"standard","meta":{"footnotes":""},"categories":[1],"tags":[],"class_list":["post-42163","post","type-post","status-publish","format-standard","","category-news-not-sorted"],"_links":{"self":[{"href":"https:\/\/archive.sana.sy\/tr\/index.php?rest_route=\/wp\/v2\/posts\/42163","targetHints":{"allow":["GET"]}}],"collection":[{"href":"https:\/\/archive.sana.sy\/tr\/index.php?rest_route=\/wp\/v2\/posts"}],"about":[{"href":"https:\/\/archive.sana.sy\/tr\/index.php?rest_route=\/wp\/v2\/types\/post"}],"author":[{"embeddable":true,"href":"https:\/\/archive.sana.sy\/tr\/index.php?rest_route=\/wp\/v2\/users\/1"}],"replies":[{"embeddable":true,"href":"https:\/\/archive.sana.sy\/tr\/index.php?rest_route=%2Fwp%2Fv2%2Fcomments&post=42163"}],"version-history":[{"count":0,"href":"https:\/\/archive.sana.sy\/tr\/index.php?rest_route=\/wp\/v2\/posts\/42163\/revisions"}],"wp:attachment":[{"href":"https:\/\/archive.sana.sy\/tr\/index.php?rest_route=%2Fwp%2Fv2%2Fmedia&parent=42163"}],"wp:term":[{"taxonomy":"category","embeddable":true,"href":"https:\/\/archive.sana.sy\/tr\/index.php?rest_route=%2Fwp%2Fv2%2Fcategories&post=42163"},{"taxonomy":"post_tag","embeddable":true,"href":"https:\/\/archive.sana.sy\/tr\/index.php?rest_route=%2Fwp%2Fv2%2Ftags&post=42163"}],"curies":[{"name":"wp","href":"https:\/\/api.w.org\/{rel}","templated":true}]}}