{"id":42346,"date":"2015-08-01T20:34:00","date_gmt":"2015-08-01T17:34:00","guid":{"rendered":"http:\/\/sana.sy\/tr\/?p=42346"},"modified":"2015-08-01T20:56:24","modified_gmt":"2015-08-01T17:56:24","slug":"sam-kirsali-ordu-ve-silahli-kuvvetler-genel-komutani-orgeneral-bessar-el-esadin-yonlendirmeleri-dogrultusunda-genel-komutan-yardimcisi-ve-savunma-bakani-korgeneral-fahd-casim-el-freyc-1-agustos-or","status":"publish","type":"post","link":"https:\/\/archive.sana.sy\/tr\/?p=42346","title":{"rendered":"Ordu ve Silahl\u0131 Kuvvetler Genel Komutan\u0131 Orgeneral Be\u015f\u015far el Esad&#8217;\u0131n y\u00f6nlendirmeleri do\u011frultusunda Genel Komutan Yard\u0131mc\u0131s\u0131 ve Savunma Bakan\u0131 Korgeneral Fahd Casim el Freyc 1 A\u011fustos Ordu Bayram\u0131 m\u00fcnasebetiyle G\u00fcney B\u00f6lgesindeki askeri bir birli\u011fimize saha gezisinde bulundu"},"content":{"rendered":"<p>Ordu ve Silahl\u0131 Kuvvetler Genel Komutan\u0131 Orgeneral Be\u015f\u015far el Esad&#8217;\u0131n y\u00f6nlendirmeleri do\u011frultusunda Genel Komutan Yard\u0131mc\u0131s\u0131 ve Savunma Bakan\u0131 Korgeneral Fahd Casim el Freyc 1 A\u011fustos Ordu Bayram\u0131 m\u00fcnasebetiyle G\u00fcney B\u00f6lgesindeki askeri bir birli\u011fimize saha gezisinde bulundu<\/p>\n","protected":false},"excerpt":{"rendered":"<p>Ordu ve Silahl\u0131 Kuvvetler Genel Komutan\u0131 Orgeneral Be\u015f\u015far el Esad&#8217;\u0131n y\u00f6nlendirmeleri do\u011frultusunda Genel Komutan Yard\u0131mc\u0131s\u0131 ve Savunma Bakan\u0131 Korgeneral Fahd Casim el Freyc 1 A\u011fustos Ordu Bayram\u0131 m\u00fcnasebetiyle G\u00fcney B\u00f6lgesindeki askeri bir birli\u011fimize saha gezisinde bulundu<\/p>\n","protected":false},"author":1,"featured_media":0,"comment_status":"closed","ping_status":"closed","sticky":false,"template":"","format":"standard","meta":{"footnotes":""},"categories":[1],"tags":[],"class_list":["post-42346","post","type-post","status-publish","format-standard","","category-news-not-sorted"],"_links":{"self":[{"href":"https:\/\/archive.sana.sy\/tr\/index.php?rest_route=\/wp\/v2\/posts\/42346","targetHints":{"allow":["GET"]}}],"collection":[{"href":"https:\/\/archive.sana.sy\/tr\/index.php?rest_route=\/wp\/v2\/posts"}],"about":[{"href":"https:\/\/archive.sana.sy\/tr\/index.php?rest_route=\/wp\/v2\/types\/post"}],"author":[{"embeddable":true,"href":"https:\/\/archive.sana.sy\/tr\/index.php?rest_route=\/wp\/v2\/users\/1"}],"replies":[{"embeddable":true,"href":"https:\/\/archive.sana.sy\/tr\/index.php?rest_route=%2Fwp%2Fv2%2Fcomments&post=42346"}],"version-history":[{"count":0,"href":"https:\/\/archive.sana.sy\/tr\/index.php?rest_route=\/wp\/v2\/posts\/42346\/revisions"}],"wp:attachment":[{"href":"https:\/\/archive.sana.sy\/tr\/index.php?rest_route=%2Fwp%2Fv2%2Fmedia&parent=42346"}],"wp:term":[{"taxonomy":"category","embeddable":true,"href":"https:\/\/archive.sana.sy\/tr\/index.php?rest_route=%2Fwp%2Fv2%2Fcategories&post=42346"},{"taxonomy":"post_tag","embeddable":true,"href":"https:\/\/archive.sana.sy\/tr\/index.php?rest_route=%2Fwp%2Fv2%2Ftags&post=42346"}],"curies":[{"name":"wp","href":"https:\/\/api.w.org\/{rel}","templated":true}]}}