{"id":42348,"date":"2015-08-01T21:01:56","date_gmt":"2015-08-01T18:01:56","guid":{"rendered":"http:\/\/sana.sy\/tr\/?p=42348"},"modified":"2015-08-02T17:01:15","modified_gmt":"2015-08-02T14:01:15","slug":"savunma-bakani-guney-bolgesinde-askeri-birlikleri-ziyaret-etti","status":"publish","type":"post","link":"https:\/\/archive.sana.sy\/tr\/?p=42348","title":{"rendered":"Savunma Bakan\u0131 G\u00fcney B\u00f6lgesinde Askeri Birlikleri Ziyaret Etti"},"content":{"rendered":"<p>\u015eAM KIRSALI &#8211; Ordu ve Silahl\u0131 Kuvvetler Genel Komutan\u0131 Orgeneral Be\u015f\u015far el Esad&#8217;\u0131n y\u00f6nlendirmeleri do\u011frultusunda Genel Komutan Yard\u0131mc\u0131s\u0131 ve Savunma Bakan\u0131 Korgeneral Fahd Casim el Freyc bug\u00fcn 1 A\u011fustos Ordu Bayram\u0131 m\u00fcnasebetiyle genel komutanl\u0131kta \u00fcst r\u00fctbeli subay ve generallerin e\u015fli\u011finde G\u00fcney B\u00f6lgesindeki askeri bir birli\u011fimize saha gezisinde bulundu.<\/p>\n<p>Saha ziyaretinde askerlerimizin Ordu Bayramlar\u0131n\u0131 kutlayan Korgeneral Freyc; Genel Komutan el Esad\u2019\u0131n iyi dileklerini de aktard\u0131. Korgeneral Freyc askerlerin durumlar\u0131n\u0131 incelemesi ve vatan topraklar\u0131n\u0131 savunma haz\u0131rl\u0131klar\u0131n\u0131 denetlemesi ard\u0131ndan saha komutanlar\u0131ndan ter\u00f6re kar\u015f\u0131 operasyonlar\u0131 hakk\u0131nda ayr\u0131nt\u0131l\u0131 bilgi ald\u0131. Askerlerin y\u00fcksek morallerinin takdire \u015fayan oldu\u011funu ifade eden Korgeneral Freyc; ter\u00f6re kar\u015f\u0131 sava\u015flar\u0131nda \u00fcst\u00fcn ba\u015far\u0131lar temenni etti.<\/p>\n<p>Ordu birliklerimizin ter\u00f6re kar\u015f\u0131 cesur ve kahramanca m\u00fccadelelerini \u00f6ven Freyc; vatan topraklar\u0131n\u0131 ve halk\u0131n g\u00fcvenli\u011fini koruma azimetlerin takdire \u015fayan oldu\u011funu belitti. Freyc d\u00f6rt y\u0131ldan fazla bir s\u00fcredir tekfirci ve hain ter\u00f6ristlere kar\u015f\u0131 sava\u015flar\u0131nda ordu birliklerimizin halk\u0131n g\u00fcvenini ve takdirini kazand\u0131klar\u0131n\u0131 ifade etti.<\/p>\n<p>Ordu birliklerimiz Suriye Ordusunun 70. Kurulu\u015f y\u0131ld\u00f6n\u00fcm\u00fcn\u00fc t\u00fcm muhtelif b\u00f6lgelerde de\u011fi\u015fik etkinliklerle kutlarken, etkinliklerde yap\u0131lan konu\u015fmalarda tarih boyunca \u015fan ve onur destanlar\u0131na imza atan bu ordunun vatan ve vatanda\u015flar\u0131 savunma m\u00fccadelesini kararl\u0131l\u0131kla s\u00fcrd\u00fcrece\u011fini belirtti. Konu\u015fmac\u0131lar vatan ve vatanda\u015flar\u0131 koruman\u0131n kendileri a\u00e7\u0131s\u0131ndan kutsal bir g\u00f6rev oldu\u011funu, bu g\u00f6revi de Suriye halk\u0131n\u0131n kendilerine duydu\u011fu g\u00fcvenle s\u00fcrd\u00fcreceklerini ifade etti.<\/p>\n<p>Konu\u015fmac\u0131lar Suriye&#8217;de ter\u00f6ristlerin bulunduklar\u0131 vah\u015fi t\u0131rmand\u0131rmalar\u0131n kendileri ve destek\u00e7ilerinin ba\u015far\u0131s\u0131zl\u0131\u011f\u0131n\u0131 kan\u0131tlad\u0131\u011f\u0131na dikkat \u00e7ekti.<\/p>\n<p>Askeri komutanlar bu m\u00fcnasebetle ayr\u0131ca muhtelif b\u00f6lgelerde \u015fehit an\u0131tlar\u0131 ve mezarlar\u0131n\u0131 ziyaret ettiler.<\/p>\n<p>\u00d6te Yandan Gaziler Derne\u011fi bu m\u00fcnasebetle bir etkinlik d\u00fczenleyerek Suriye ordusunun tarihi boyunca oldu\u011fu gibi her daim gurur ve \u015fan kayna\u011f\u0131 olarak kalaca\u011f\u0131n\u0131 ifade ettiler.<\/p>\n<p>1 A\u011fustos Ordu Bayram\u0131 m\u00fcnasebetiyle ayr\u0131ca askeri ve spor g\u00f6sterileri d\u00fczenlenirken; Askeri Tiyatro Ekibi m\u00fcnasebetin anlam ve \u00f6zelli\u011fine \u0131\u015f\u0131k tutan sanatsal bir sunum takdim etti.<\/p>\n<p>https:\/\/www.youtube.com\/watch?v=J5I1d_CbaEU<\/p>\n<p>A.A. &#8211; M.M. &#8211; R.H.<\/p>\n","protected":false},"excerpt":{"rendered":"<p>\u015eAM KIRSALI &#8211; Ordu ve Silahl\u0131 Kuvvetler Genel Komutan\u0131 Orgeneral Be\u015f\u015far el Esad&#8217;\u0131n y\u00f6nlendirmeleri do\u011frultusunda Genel Komutan Yard\u0131mc\u0131s\u0131 ve Savunma Bakan\u0131 Korgeneral Fahd Casim el Freyc bug\u00fcn 1 A\u011fustos Ordu Bayram\u0131 m\u00fcnasebetiyle genel komutanl\u0131kta \u00fcst r\u00fctbeli subay ve generallerin e\u015fli\u011finde G\u00fcney B\u00f6lgesindeki askeri bir birli\u011fimize saha gezisinde bulundu. Saha ziyaretinde askerlerimizin Ordu Bayramlar\u0131n\u0131 kutlayan Korgeneral &hellip;<\/p>\n","protected":false},"author":1,"featured_media":42350,"comment_status":"closed","ping_status":"closed","sticky":false,"template":"","format":"standard","meta":{"footnotes":""},"categories":[479,478],"tags":[16090],"class_list":["post-42348","post","type-post","status-publish","format-standard","has-post-thumbnail","","category-haberler-yerel","category-yerel","tag-savunma-bakani-guney-bolgesinde-askeri-birlikleri-ziyaret-etti"],"_links":{"self":[{"href":"https:\/\/archive.sana.sy\/tr\/index.php?rest_route=\/wp\/v2\/posts\/42348","targetHints":{"allow":["GET"]}}],"collection":[{"href":"https:\/\/archive.sana.sy\/tr\/index.php?rest_route=\/wp\/v2\/posts"}],"about":[{"href":"https:\/\/archive.sana.sy\/tr\/index.php?rest_route=\/wp\/v2\/types\/post"}],"author":[{"embeddable":true,"href":"https:\/\/archive.sana.sy\/tr\/index.php?rest_route=\/wp\/v2\/users\/1"}],"replies":[{"embeddable":true,"href":"https:\/\/archive.sana.sy\/tr\/index.php?rest_route=%2Fwp%2Fv2%2Fcomments&post=42348"}],"version-history":[{"count":0,"href":"https:\/\/archive.sana.sy\/tr\/index.php?rest_route=\/wp\/v2\/posts\/42348\/revisions"}],"wp:featuredmedia":[{"embeddable":true,"href":"https:\/\/archive.sana.sy\/tr\/index.php?rest_route=\/wp\/v2\/media\/42350"}],"wp:attachment":[{"href":"https:\/\/archive.sana.sy\/tr\/index.php?rest_route=%2Fwp%2Fv2%2Fmedia&parent=42348"}],"wp:term":[{"taxonomy":"category","embeddable":true,"href":"https:\/\/archive.sana.sy\/tr\/index.php?rest_route=%2Fwp%2Fv2%2Fcategories&post=42348"},{"taxonomy":"post_tag","embeddable":true,"href":"https:\/\/archive.sana.sy\/tr\/index.php?rest_route=%2Fwp%2Fv2%2Ftags&post=42348"}],"curies":[{"name":"wp","href":"https:\/\/api.w.org\/{rel}","templated":true}]}}