{"id":42398,"date":"2015-08-02T11:44:13","date_gmt":"2015-08-02T08:44:13","guid":{"rendered":"http:\/\/www.sana.sy\/tr\/?p=42398"},"modified":"2015-08-02T12:40:16","modified_gmt":"2015-08-02T09:40:16","slug":"nebek-ahalisi-girisimi-askeri-noktalara-yemek-dagitti","status":"publish","type":"post","link":"https:\/\/archive.sana.sy\/tr\/?p=42398","title":{"rendered":"Nebek Ahalisi Giri\u015fimi Askeri Noktalara Yemek Da\u011f\u0131tt\u0131"},"content":{"rendered":"<p>\u015eAM \u2013 \u015eam K\u0131rsal\u0131n\u0131n kuzeyi Nebik Kentinde sivil toplum temsilcileri ve resmi \u015fahsiyetlerin kat\u0131l\u0131m\u0131yla Suriye Arap Ordusunun kurulu\u015funun 70. y\u0131ld\u00f6n\u00fcm\u00fc m\u00fcnasebetiyle \u201cNebik Ahalisi Giri\u015fimi\u201d ba\u015fl\u0131\u011f\u0131 alt\u0131nda bir kampanya ba\u015flatt\u0131.<\/p>\n<p>Nebik B\u00f6lgesinde bulunan askeri birlik noktalar\u0131n\u0131 birer birer dola\u015farak yemek paketleri da\u011f\u0131tan ve halk\u0131n onurunu koruyan kahraman birliklerimizin yan\u0131nda olduklar\u0131n\u0131 ifade eden Nebik ahalisi, yapt\u0131klar\u0131 a\u00e7\u0131klamalarda kahraman ordu birliklerimizin vatan\u0131n g\u00fcvenlik ve istikrar\u0131n\u0131 sa\u011flamak i\u00e7in harcad\u0131klar\u0131 \u00e7abay\u0131 takdir ettiklerini vurgulad\u0131lar.<\/p>\n<p>Suriye Arap Ordusunun vatan\u0131 savunan temel z\u0131rh oldu\u011funu dile getiren Nebik ahalisi, kahraman ordu birliklerimizin vatan savunmas\u0131nda g\u00f6sterdikleri fedakarl\u0131klar\u0131n her Suriyeli i\u00e7in bir ya\u015fam pusulas\u0131 te\u015fkil edece\u011fini ibraz ettiler. Ahali ordunun b\u00f6lge ahalisinin can ve mal g\u00fcveli\u011fini, onur ve kerametlerini koruduklar\u0131n\u0131 vurgulad\u0131.<\/p>\n<div id='gallery-1' class='gallery galleryid-42398 gallery-columns-3 gallery-size-thumbnail'><figure class='gallery-item'>\n\t\t\t<div class='gallery-icon landscape'>\n\t\t\t\t<a href='https:\/\/archive.sana.sy\/tr\/wp-content\/uploads\/2015\/08\/nebek-1.jpg'><img loading=\"lazy\" decoding=\"async\" width=\"150\" height=\"113\" src=\"https:\/\/archive.sana.sy\/tr\/wp-content\/uploads\/2015\/08\/nebek-1-150x113.jpg\" class=\"attachment-thumbnail size-thumbnail\" alt=\"\" srcset=\"https:\/\/archive.sana.sy\/tr\/wp-content\/uploads\/2015\/08\/nebek-1-150x113.jpg 150w, https:\/\/archive.sana.sy\/tr\/wp-content\/uploads\/2015\/08\/nebek-1-300x227.jpg 300w, https:\/\/archive.sana.sy\/tr\/wp-content\/uploads\/2015\/08\/nebek-1.jpg 804w\" sizes=\"auto, (max-width: 150px) 100vw, 150px\" \/><\/a>\n\t\t\t<\/div><\/figure><figure class='gallery-item'>\n\t\t\t<div class='gallery-icon landscape'>\n\t\t\t\t<a href='https:\/\/archive.sana.sy\/tr\/wp-content\/uploads\/2015\/08\/nebek-2.jpg'><img loading=\"lazy\" decoding=\"async\" width=\"150\" height=\"103\" src=\"https:\/\/archive.sana.sy\/tr\/wp-content\/uploads\/2015\/08\/nebek-2-150x103.jpg\" class=\"attachment-thumbnail size-thumbnail\" alt=\"\" srcset=\"https:\/\/archive.sana.sy\/tr\/wp-content\/uploads\/2015\/08\/nebek-2-150x103.jpg 150w, https:\/\/archive.sana.sy\/tr\/wp-content\/uploads\/2015\/08\/nebek-2-300x206.jpg 300w, https:\/\/archive.sana.sy\/tr\/wp-content\/uploads\/2015\/08\/nebek-2.jpg 592w\" sizes=\"auto, (max-width: 150px) 100vw, 150px\" \/><\/a>\n\t\t\t<\/div><\/figure><figure class='gallery-item'>\n\t\t\t<div class='gallery-icon landscape'>\n\t\t\t\t<a href='https:\/\/archive.sana.sy\/tr\/wp-content\/uploads\/2015\/08\/nebek-3.jpg'><img loading=\"lazy\" decoding=\"async\" width=\"150\" height=\"84\" src=\"https:\/\/archive.sana.sy\/tr\/wp-content\/uploads\/2015\/08\/nebek-3-150x84.jpg\" class=\"attachment-thumbnail size-thumbnail\" alt=\"\" srcset=\"https:\/\/archive.sana.sy\/tr\/wp-content\/uploads\/2015\/08\/nebek-3-150x84.jpg 150w, https:\/\/archive.sana.sy\/tr\/wp-content\/uploads\/2015\/08\/nebek-3-300x168.jpg 300w, https:\/\/archive.sana.sy\/tr\/wp-content\/uploads\/2015\/08\/nebek-3-1024x572.jpg 1024w, https:\/\/archive.sana.sy\/tr\/wp-content\/uploads\/2015\/08\/nebek-3.jpg 1090w\" sizes=\"auto, (max-width: 150px) 100vw, 150px\" \/><\/a>\n\t\t\t<\/div><\/figure>\n\t\t<\/div>\n\n<p>F.B. &#8211; R.H.<\/p>\n","protected":false},"excerpt":{"rendered":"<p>\u015eAM \u2013 \u015eam K\u0131rsal\u0131n\u0131n kuzeyi Nebik Kentinde sivil toplum temsilcileri ve resmi \u015fahsiyetlerin kat\u0131l\u0131m\u0131yla Suriye Arap Ordusunun kurulu\u015funun 70. y\u0131ld\u00f6n\u00fcm\u00fc m\u00fcnasebetiyle \u201cNebik Ahalisi Giri\u015fimi\u201d ba\u015fl\u0131\u011f\u0131 alt\u0131nda bir kampanya ba\u015flatt\u0131. Nebik B\u00f6lgesinde bulunan askeri birlik noktalar\u0131n\u0131 birer birer dola\u015farak yemek paketleri da\u011f\u0131tan ve halk\u0131n onurunu koruyan kahraman birliklerimizin yan\u0131nda olduklar\u0131n\u0131 ifade eden Nebik ahalisi, yapt\u0131klar\u0131 a\u00e7\u0131klamalarda &hellip;<\/p>\n","protected":false},"author":1,"featured_media":42399,"comment_status":"closed","ping_status":"closed","sticky":false,"template":"","format":"standard","meta":{"footnotes":""},"categories":[526,479,525,478],"tags":[],"class_list":["post-42398","post","type-post","status-publish","format-standard","has-post-thumbnail","","category-haber-ve-raporlar","category-haberler-yerel","category-toplum","category-yerel"],"_links":{"self":[{"href":"https:\/\/archive.sana.sy\/tr\/index.php?rest_route=\/wp\/v2\/posts\/42398","targetHints":{"allow":["GET"]}}],"collection":[{"href":"https:\/\/archive.sana.sy\/tr\/index.php?rest_route=\/wp\/v2\/posts"}],"about":[{"href":"https:\/\/archive.sana.sy\/tr\/index.php?rest_route=\/wp\/v2\/types\/post"}],"author":[{"embeddable":true,"href":"https:\/\/archive.sana.sy\/tr\/index.php?rest_route=\/wp\/v2\/users\/1"}],"replies":[{"embeddable":true,"href":"https:\/\/archive.sana.sy\/tr\/index.php?rest_route=%2Fwp%2Fv2%2Fcomments&post=42398"}],"version-history":[{"count":0,"href":"https:\/\/archive.sana.sy\/tr\/index.php?rest_route=\/wp\/v2\/posts\/42398\/revisions"}],"wp:featuredmedia":[{"embeddable":true,"href":"https:\/\/archive.sana.sy\/tr\/index.php?rest_route=\/wp\/v2\/media\/42399"}],"wp:attachment":[{"href":"https:\/\/archive.sana.sy\/tr\/index.php?rest_route=%2Fwp%2Fv2%2Fmedia&parent=42398"}],"wp:term":[{"taxonomy":"category","embeddable":true,"href":"https:\/\/archive.sana.sy\/tr\/index.php?rest_route=%2Fwp%2Fv2%2Fcategories&post=42398"},{"taxonomy":"post_tag","embeddable":true,"href":"https:\/\/archive.sana.sy\/tr\/index.php?rest_route=%2Fwp%2Fv2%2Ftags&post=42398"}],"curies":[{"name":"wp","href":"https:\/\/api.w.org\/{rel}","templated":true}]}}